{"id":1482,"date":"2021-11-30T14:59:43","date_gmt":"2021-11-30T14:59:43","guid":{"rendered":"https:\/\/jansen.es\/portas-de-entrada-da-comunidade-de-vizinhos\/"},"modified":"2021-11-30T14:59:43","modified_gmt":"2021-11-30T14:59:43","slug":"portas-de-entrada-da-comunidade-de-vizinhos","status":"publish","type":"post","link":"https:\/\/jansen.es\/pt-pt\/portas-de-entrada-da-comunidade-de-vizinhos\/","title":{"rendered":"Portas de entrada da comunidade de vizinhos"},"content":{"rendered":"\n<h1 class=\"wp-block-heading\"><strong><strong><strong><strong><strong><strong>Portas de entrada da comunidade de vizinhos<\/strong><\/strong> <\/strong><\/strong><\/strong><\/strong><\/h1>\n<p><span style=\"font-weight: 400;\">Damos a import\u00e2ncia necess\u00e1ria aos elementos comuns da nossa comunidade de vizinhos? Na minha opini\u00e3o, n\u00e3o. Sendo elementos comuns, que na maioria dos casos n\u00e3o nos sentimos como nossos, n\u00e3o os valorizamos como realmente merecem.<\/span><\/p>\n<p><span style=\"font-weight: 400;\">No MAA acreditamos que<\/span> <b>os sistemas Jansen<\/b>se encaixam<span style=\"font-weight: 400;\">perfeitamente e cumprem todos os requisitos que as <\/span>portas de entrada de uma comunidade de <b>vizinhos<\/b><span style=\"font-weight: 400;\">  ou uma \u00e1rea comum deve ter. A entrada da sua casa, n\u00e3o pode ser qualquer porta, \u00e9 o cart\u00e3o de visita da nossa comunidade, por isso, colocamos especial interesse neste tipo de projetos.<\/span><\/p>\n<h2><b>Que tipo de porta de entrada comunit\u00e1ria escolher?<\/b><\/h2>\n<p><span style=\"font-weight: 400;\">Uma<\/span> <b>porta<\/b> de entrada de a\u00e7o \u00e9 o melhor dos<span style=\"font-weight: 400;\"> investimentos, as suas caracter\u00edsticas e qualidades s\u00e3o inquestion\u00e1veis,<\/span> as portas Jansen cumprem <b>as <\/b>especifica\u00e7\u00f5es e propriedades que uma boa porta de acesso \u00e0 sua comunidade <b>de<\/b> <span style=\"font-weight: 400;\">vizinhos<\/span> deve <span style=\"font-weight: 400;\">ter.<\/span><\/p>\n<p><span style=\"font-weight: 400;\">A<\/span> <a href=\"https:\/\/www.jansen.es\/project\/economy-50-puerta\/\" target=\"_blank\" rel=\"noopener\"> <span style=\"font-weight: 400;\">S\u00e9rie Economia 50<\/span><\/p>\n<p><\/a><span style=\"font-weight: 400;\">  Jansen \u00e9 ideal para todas as \u00e1reas comuns sem a necessidade de isolamento t\u00e9rmico. Uma porta sem  <\/span><b>rutura t\u00e9rmica,<\/b>mas com desempenho<span style=\"font-weight: 400;\">de veda\u00e7\u00e3o,<\/span> <b><span style=\"font-weight: 400;\">gra\u00e7as ao seu <\/span> <b>selo duplo.<\/b> <span style=\"font-weight: 400;\"> <\/span><\/b><\/p>\n<p><a href=\"https:\/\/www.jansen.es\/project\/janisol-puerta\/\" target=\"_blank\" rel=\"noopener\"><span style=\"font-weight: 400;\">Janisol,<\/span><\/p>\n<p><\/a><span style=\"font-weight: 400;\">uma s\u00e9rie com RPT, \u00e9 a solu\u00e7\u00e3o se o que procura \u00e9 uma porta que &nbsp; al\u00e9m de ser estanque, isola-se termalmente.<\/span><\/p>\n<p><span style=\"font-weight: 400;\">Tanto<\/span> <a href=\"https:\/\/www.jansen.es\/project\/economy-50-puerta\/\" target=\"_blank\" rel=\"noopener\"><span style=\"font-weight: 400;\">a Economy 50<\/span><\/p>\n<p><\/a> como a <a href=\"https:\/\/www.jansen.es\/project\/janisol-puerta\/\" target=\"_blank\" rel=\"noopener\"><span style=\"font-weight: 400;\">Janisol<\/span><\/p>\n<p><\/a> <span style=\"font-weight: 400;\">est\u00e3o<\/span> dispon\u00edveis<span style=\"font-weight: 400;\"> em<\/span> <b>a\u00e7o galvanizado<\/b> para<span style=\"font-weight: 400;\"> laking ou em a\u00e7o &nbsp; inoxid\u00e1vel AISI-316.<\/span><\/p>\n<h2><b>Por que escolher uma porta de entrada da comunidade do bairro Jansen?<\/b><\/h2>\n<p><span style=\"font-weight: 400;\">As portas Jansen s\u00e3o a melhor escolha para uma comunidade de vizinhos porque cumprem as seguintes caracter\u00edsticas:&nbsp;&nbsp;&nbsp;&nbsp;&nbsp;&nbsp;&nbsp;&nbsp;&nbsp;&nbsp;&nbsp;&nbsp;&nbsp;&nbsp;&nbsp;&nbsp;&nbsp;&nbsp;&nbsp;&nbsp;&nbsp;&nbsp;&nbsp;&nbsp;&nbsp;&nbsp;&nbsp;&nbsp;&nbsp;&nbsp;&nbsp;&nbsp;<\/span><\/p>\n<ul>\n<li style=\"font-weight: 400;\" aria-level=\"1\"><b>Dur\u00e1vel:<\/b><span style=\"font-weight: 400;\">a durabilidade das <\/span> <b>portas<\/b> de a\u00e7o<span style=\"font-weight: 400;\">  \u00e9 indiscut\u00edvel. \u00c9 essencial que apoie um  <\/span><b>uso intensivo<\/b><span style=\"font-weight: 400;\">. Um  <\/span><b>porta<\/b><span style=\"font-weight: 400;\">  que n\u00e3o temos que nos preocupar com nenhum dos problemas recorrentes que encontramos frequentemente. Todos n\u00f3s temos vivido isto: a porta esfrega, o  <\/span><b>reten\u00e7\u00e3o<\/b><span style=\"font-weight: 400;\">  trav\u00e3o n\u00e3o segura, n\u00e3o fecha bem, fica aberto, a alavanca tem folgas e movimentos&#8230; Precisamos de uma porta fi\u00e1vel, de baixa manuten\u00e7\u00e3o e dur\u00e1vel, com ciclos de abertura quase infinitos. Os port\u00f5es Jansen s\u00e3o assim.<\/span><\/li>\n<li style=\"font-weight: 400;\" aria-level=\"1\"><b>Resistente e seguro.<\/b> <span style=\"font-weight: 400;\">Escusado ser\u00e1 dizer que a porta da frente de um \u00e1trio \u00e9 a primeira <\/span>barreira de <b>seguran\u00e7a.<\/b><span style=\"font-weight: 400;\">  da nossa casa. Infelizmente as ocupa\u00e7\u00f5es de hoje s\u00e3o a ordem do dia, e com uma porta fora  <\/span><b>qualidade<\/b><span style=\"font-weight: 400;\">  estamos expostos a ser for\u00e7ados facilmente, e uma vez dentro da escada todas as casas est\u00e3o em risco. Um  <\/span><b>A porta de<\/b> <span style=\"font-weight: 400;\">a\u00e7o \u00e9 muito mais<\/span> <b> forte<\/b><span style=\"font-weight: 400;\">  e seguro. Al\u00e9m disso, Jansen tem aprova\u00e7\u00f5es  <\/span><b>anti-efrac\u00e7\u00e3o<\/b> <span style=\"font-weight: 400;\">at\u00e9 RC4, que obter essa<\/span> <b>seguran\u00e7a<\/b> extra e nos d\u00e1 aquela paz extra de esp\u00edrito <span style=\"font-weight: 400;\">que queremos para o nosso.<\/span><b><\/b><\/li>\n<\/ul>\n<ul>\n<li style=\"font-weight: 400;\" aria-level=\"1\"><b>De qualidade.<\/b> <span style=\"font-weight: 400;\"> <b>Sistemas de marcenaria de a\u00e7o Jansen<\/b><\/span><span style=\"font-weight: 400;\">  s\u00e3o sin\u00f3nimo de prest\u00edgio e qualidade. Todos os elementos que comp\u00f5em os sistemas Jansen s\u00e3o projetados e tecnicamente desenvolvidos para oferecer o  <\/span><b>mais alta qualidade<\/b><span style=\"font-weight: 400;\">. Todos os detalhes s\u00e3o tratados, de cada um dos  <\/span><b>Perfis<\/b><span style=\"font-weight: 400;\">, at\u00e9 \u00e0 \u00faltima veda\u00e7\u00e3o ou parafuso. Um  <\/span><b>porta<\/b><span style=\"font-weight: 400;\">  n\u00e3o s\u00e3o apenas perfis, o hardware e os acess\u00f3rios t\u00eam que ir em conformidade. Uma porta de qualidade \u00e9 o conjunto de todos os elementos que a comp\u00f5em.<\/span><\/li>\n<li style=\"font-weight: 400;\" aria-level=\"1\"><b>O design. Design sem limites<\/b><span style=\"font-weight: 400;\">  \u00c9 o nosso lema. A liberdade de design que lhe permite  <\/span><b>a\u00e7o<\/b><span style=\"font-weight: 400;\">  \u00c9 inimagin\u00e1vel. Portas altas n\u00e3o s\u00e3o um problema, portas personalizadas com a est\u00e9tica que voc\u00ea deseja de acordo com a imagem da comunidade s\u00e3o poss\u00edveis. Podemos fazer a porta que voc\u00ea est\u00e1 imaginando, de uma porta totalmente suave e moderna, at\u00e9 portas com bares cl\u00e1ssicos para edif\u00edcios hist\u00f3ricos. O design que pretende sempre garante desempenho e funcionalidade.<\/span><\/li>\n<\/ul>\n<p><span style=\"font-weight: 400;\">Uma<\/span> <b>porta de entrada<\/b> para uma comunidade jansen de<span style=\"font-weight: 400;\"> vizinhos \u00e9 a melhor das op\u00e7\u00f5es porque o design n\u00e3o est\u00e1 em desacordo com &nbsp; durabilidade, qualidade, for\u00e7a e seguran\u00e7a.<\/span><\/p>\n\n<div class=\"wp-block-group is-layout-flow wp-block-group-is-layout-flow\"><div class=\"wp-block-group__inner-container\"><\/div><\/div>\n\n<p><\/p>\n","protected":false},"excerpt":{"rendered":"<p>Descubra a import\u00e2ncia de ter uma boa porta de entrada da comunidade de vizinhos. Conhece portas de a\u00e7o Jansen?<\/p>\n","protected":false},"author":1,"featured_media":1400,"comment_status":"closed","ping_status":"closed","sticky":false,"template":"","format":"standard","meta":{"_et_pb_use_builder":"","_et_pb_old_content":"","_et_gb_content_width":"","footnotes":""},"categories":[27],"tags":[],"class_list":["post-1482","post","type-post","status-publish","format-standard","has-post-thumbnail","hentry","category-noticias-pt-pt"],"acf":[],"yoast_head":"<!-- This site is optimized with the Yoast SEO plugin v27.5 - https:\/\/yoast.com\/product\/yoast-seo-wordpress\/ -->\n<title>Portas de entrada da comunidade de vizinhos - Jansen<\/title>\n<meta name=\"robots\" content=\"index, follow, max-snippet:-1, max-image-preview:large, max-video-preview:-1\" \/>\n<link rel=\"canonical\" href=\"https:\/\/jansen.es\/pt-pt\/portas-de-entrada-da-comunidade-de-vizinhos\/\" \/>\n<meta property=\"og:locale\" content=\"pt_PT\" \/>\n<meta property=\"og:type\" content=\"article\" \/>\n<meta property=\"og:title\" content=\"Portas de entrada da comunidade de vizinhos - Jansen\" \/>\n<meta property=\"og:description\" content=\"Descubra a import\u00e2ncia de ter uma boa porta de entrada da comunidade de vizinhos. Conhece portas de a\u00e7o Jansen?\" \/>\n<meta property=\"og:site_name\" content=\"Jansen\" \/>\n<meta property=\"article:published_time\" content=\"2021-11-30T14:59:43+00:00\" \/>\n<meta property=\"og:image\" content=\"https:\/\/jansen.es\/wp-content\/uploads\/2021\/11\/fotomaria3.jpg\" \/>\n\t<meta property=\"og:image:width\" content=\"1920\" \/>\n\t<meta property=\"og:image:height\" content=\"1080\" \/>\n\t<meta property=\"og:image:type\" content=\"image\/jpeg\" \/>\n<meta name=\"author\" content=\"admin\" \/>\n<meta name=\"twitter:card\" content=\"summary_large_image\" \/>\n<meta name=\"twitter:label1\" content=\"Escrito por\" \/>\n\t<meta name=\"twitter:data1\" content=\"admin\" \/>\n\t<meta name=\"twitter:label2\" content=\"Tempo estimado de leitura\" \/>\n\t<meta name=\"twitter:data2\" content=\"3 minutos\" \/>\n<script type=\"application\/ld+json\" class=\"yoast-schema-graph\">{\"@context\":\"https:\\\/\\\/schema.org\",\"@graph\":[{\"@type\":\"Article\",\"@id\":\"https:\\\/\\\/jansen.es\\\/pt-pt\\\/portas-de-entrada-da-comunidade-de-vizinhos\\\/#article\",\"isPartOf\":{\"@id\":\"https:\\\/\\\/jansen.es\\\/pt-pt\\\/portas-de-entrada-da-comunidade-de-vizinhos\\\/\"},\"author\":{\"name\":\"admin\",\"@id\":\"https:\\\/\\\/jansen.es\\\/#\\\/schema\\\/person\\\/22f9352b44d35522acfcc35889f157cf\"},\"headline\":\"Portas de entrada da comunidade de vizinhos\",\"datePublished\":\"2021-11-30T14:59:43+00:00\",\"mainEntityOfPage\":{\"@id\":\"https:\\\/\\\/jansen.es\\\/pt-pt\\\/portas-de-entrada-da-comunidade-de-vizinhos\\\/\"},\"wordCount\":705,\"publisher\":{\"@id\":\"https:\\\/\\\/jansen.es\\\/#organization\"},\"image\":{\"@id\":\"https:\\\/\\\/jansen.es\\\/pt-pt\\\/portas-de-entrada-da-comunidade-de-vizinhos\\\/#primaryimage\"},\"thumbnailUrl\":\"https:\\\/\\\/jansen.es\\\/wp-content\\\/uploads\\\/2021\\\/11\\\/fotomaria3.jpg\",\"articleSection\":[\"Not\u00edcias\"],\"inLanguage\":\"pt-PT\"},{\"@type\":[\"WebPage\",\"ItemPage\"],\"@id\":\"https:\\\/\\\/jansen.es\\\/pt-pt\\\/portas-de-entrada-da-comunidade-de-vizinhos\\\/\",\"url\":\"https:\\\/\\\/jansen.es\\\/pt-pt\\\/portas-de-entrada-da-comunidade-de-vizinhos\\\/\",\"name\":\"Portas de entrada da comunidade de vizinhos - Jansen\",\"isPartOf\":{\"@id\":\"https:\\\/\\\/jansen.es\\\/#website\"},\"primaryImageOfPage\":{\"@id\":\"https:\\\/\\\/jansen.es\\\/pt-pt\\\/portas-de-entrada-da-comunidade-de-vizinhos\\\/#primaryimage\"},\"image\":{\"@id\":\"https:\\\/\\\/jansen.es\\\/pt-pt\\\/portas-de-entrada-da-comunidade-de-vizinhos\\\/#primaryimage\"},\"thumbnailUrl\":\"https:\\\/\\\/jansen.es\\\/wp-content\\\/uploads\\\/2021\\\/11\\\/fotomaria3.jpg\",\"datePublished\":\"2021-11-30T14:59:43+00:00\",\"breadcrumb\":{\"@id\":\"https:\\\/\\\/jansen.es\\\/pt-pt\\\/portas-de-entrada-da-comunidade-de-vizinhos\\\/#breadcrumb\"},\"inLanguage\":\"pt-PT\",\"potentialAction\":[{\"@type\":\"ReadAction\",\"target\":[\"https:\\\/\\\/jansen.es\\\/pt-pt\\\/portas-de-entrada-da-comunidade-de-vizinhos\\\/\"]}]},{\"@type\":\"ImageObject\",\"inLanguage\":\"pt-PT\",\"@id\":\"https:\\\/\\\/jansen.es\\\/pt-pt\\\/portas-de-entrada-da-comunidade-de-vizinhos\\\/#primaryimage\",\"url\":\"https:\\\/\\\/jansen.es\\\/wp-content\\\/uploads\\\/2021\\\/11\\\/fotomaria3.jpg\",\"contentUrl\":\"https:\\\/\\\/jansen.es\\\/wp-content\\\/uploads\\\/2021\\\/11\\\/fotomaria3.jpg\",\"width\":1920,\"height\":1080,\"caption\":\"Puertas de entrada de comunidad de vecinos\"},{\"@type\":\"BreadcrumbList\",\"@id\":\"https:\\\/\\\/jansen.es\\\/pt-pt\\\/portas-de-entrada-da-comunidade-de-vizinhos\\\/#breadcrumb\",\"itemListElement\":[{\"@type\":\"ListItem\",\"position\":1,\"name\":\"Inicio\",\"item\":\"https:\\\/\\\/jansen.es\\\/pt-pt\\\/\"},{\"@type\":\"ListItem\",\"position\":2,\"name\":\"Portas de entrada da comunidade de vizinhos\"}]},{\"@type\":\"WebSite\",\"@id\":\"https:\\\/\\\/jansen.es\\\/#website\",\"url\":\"https:\\\/\\\/jansen.es\\\/\",\"name\":\"Jansen\",\"description\":\"Empresa l\u00edder en la fabricaci\u00f3n de perfiles de acero para puertas y ventanas\",\"publisher\":{\"@id\":\"https:\\\/\\\/jansen.es\\\/#organization\"},\"alternateName\":\"Jansen\",\"potentialAction\":[{\"@type\":\"SearchAction\",\"target\":{\"@type\":\"EntryPoint\",\"urlTemplate\":\"https:\\\/\\\/jansen.es\\\/?s={search_term_string}\"},\"query-input\":{\"@type\":\"PropertyValueSpecification\",\"valueRequired\":true,\"valueName\":\"search_term_string\"}}],\"inLanguage\":\"pt-PT\"},{\"@type\":\"Organization\",\"@id\":\"https:\\\/\\\/jansen.es\\\/#organization\",\"name\":\"Jansen\",\"alternateName\":\"Jansen\",\"url\":\"https:\\\/\\\/jansen.es\\\/\",\"logo\":{\"@type\":\"ImageObject\",\"inLanguage\":\"pt-PT\",\"@id\":\"https:\\\/\\\/jansen.es\\\/#\\\/schema\\\/logo\\\/image\\\/\",\"url\":\"https:\\\/\\\/jansen.es\\\/wp-content\\\/uploads\\\/2022\\\/04\\\/favicon_jansen.png\",\"contentUrl\":\"https:\\\/\\\/jansen.es\\\/wp-content\\\/uploads\\\/2022\\\/04\\\/favicon_jansen.png\",\"width\":238,\"height\":230,\"caption\":\"Jansen\"},\"image\":{\"@id\":\"https:\\\/\\\/jansen.es\\\/#\\\/schema\\\/logo\\\/image\\\/\"},\"sameAs\":[\"https:\\\/\\\/www.instagram.com\\\/janseniberia\\\/\",\"https:\\\/\\\/www.pinterest.es\\\/janseniberia\\\/_created\\\/\",\"https:\\\/\\\/www.linkedin.com\\\/company\\\/metalco-arquitectura-en-acero-s.l.\\\/\"]},{\"@type\":\"Person\",\"@id\":\"https:\\\/\\\/jansen.es\\\/#\\\/schema\\\/person\\\/22f9352b44d35522acfcc35889f157cf\",\"name\":\"admin\",\"sameAs\":[\"https:\\\/\\\/jansen.es\"]}]}<\/script>\n<!-- \/ Yoast SEO plugin. -->","yoast_head_json":{"title":"Portas de entrada da comunidade de vizinhos - Jansen","robots":{"index":"index","follow":"follow","max-snippet":"max-snippet:-1","max-image-preview":"max-image-preview:large","max-video-preview":"max-video-preview:-1"},"canonical":"https:\/\/jansen.es\/pt-pt\/portas-de-entrada-da-comunidade-de-vizinhos\/","og_locale":"pt_PT","og_type":"article","og_title":"Portas de entrada da comunidade de vizinhos - Jansen","og_description":"Descubra a import\u00e2ncia de ter uma boa porta de entrada da comunidade de vizinhos. Conhece portas de a\u00e7o Jansen?","og_site_name":"Jansen","article_published_time":"2021-11-30T14:59:43+00:00","og_image":[{"width":1920,"height":1080,"url":"https:\/\/jansen.es\/wp-content\/uploads\/2021\/11\/fotomaria3.jpg","type":"image\/jpeg"}],"author":"admin","twitter_card":"summary_large_image","twitter_misc":{"Escrito por":"admin","Tempo estimado de leitura":"3 minutos"},"schema":{"@context":"https:\/\/schema.org","@graph":[{"@type":"Article","@id":"https:\/\/jansen.es\/pt-pt\/portas-de-entrada-da-comunidade-de-vizinhos\/#article","isPartOf":{"@id":"https:\/\/jansen.es\/pt-pt\/portas-de-entrada-da-comunidade-de-vizinhos\/"},"author":{"name":"admin","@id":"https:\/\/jansen.es\/#\/schema\/person\/22f9352b44d35522acfcc35889f157cf"},"headline":"Portas de entrada da comunidade de vizinhos","datePublished":"2021-11-30T14:59:43+00:00","mainEntityOfPage":{"@id":"https:\/\/jansen.es\/pt-pt\/portas-de-entrada-da-comunidade-de-vizinhos\/"},"wordCount":705,"publisher":{"@id":"https:\/\/jansen.es\/#organization"},"image":{"@id":"https:\/\/jansen.es\/pt-pt\/portas-de-entrada-da-comunidade-de-vizinhos\/#primaryimage"},"thumbnailUrl":"https:\/\/jansen.es\/wp-content\/uploads\/2021\/11\/fotomaria3.jpg","articleSection":["Not\u00edcias"],"inLanguage":"pt-PT"},{"@type":["WebPage","ItemPage"],"@id":"https:\/\/jansen.es\/pt-pt\/portas-de-entrada-da-comunidade-de-vizinhos\/","url":"https:\/\/jansen.es\/pt-pt\/portas-de-entrada-da-comunidade-de-vizinhos\/","name":"Portas de entrada da comunidade de vizinhos - Jansen","isPartOf":{"@id":"https:\/\/jansen.es\/#website"},"primaryImageOfPage":{"@id":"https:\/\/jansen.es\/pt-pt\/portas-de-entrada-da-comunidade-de-vizinhos\/#primaryimage"},"image":{"@id":"https:\/\/jansen.es\/pt-pt\/portas-de-entrada-da-comunidade-de-vizinhos\/#primaryimage"},"thumbnailUrl":"https:\/\/jansen.es\/wp-content\/uploads\/2021\/11\/fotomaria3.jpg","datePublished":"2021-11-30T14:59:43+00:00","breadcrumb":{"@id":"https:\/\/jansen.es\/pt-pt\/portas-de-entrada-da-comunidade-de-vizinhos\/#breadcrumb"},"inLanguage":"pt-PT","potentialAction":[{"@type":"ReadAction","target":["https:\/\/jansen.es\/pt-pt\/portas-de-entrada-da-comunidade-de-vizinhos\/"]}]},{"@type":"ImageObject","inLanguage":"pt-PT","@id":"https:\/\/jansen.es\/pt-pt\/portas-de-entrada-da-comunidade-de-vizinhos\/#primaryimage","url":"https:\/\/jansen.es\/wp-content\/uploads\/2021\/11\/fotomaria3.jpg","contentUrl":"https:\/\/jansen.es\/wp-content\/uploads\/2021\/11\/fotomaria3.jpg","width":1920,"height":1080,"caption":"Puertas de entrada de comunidad de vecinos"},{"@type":"BreadcrumbList","@id":"https:\/\/jansen.es\/pt-pt\/portas-de-entrada-da-comunidade-de-vizinhos\/#breadcrumb","itemListElement":[{"@type":"ListItem","position":1,"name":"Inicio","item":"https:\/\/jansen.es\/pt-pt\/"},{"@type":"ListItem","position":2,"name":"Portas de entrada da comunidade de vizinhos"}]},{"@type":"WebSite","@id":"https:\/\/jansen.es\/#website","url":"https:\/\/jansen.es\/","name":"Jansen","description":"Empresa l\u00edder en la fabricaci\u00f3n de perfiles de acero para puertas y ventanas","publisher":{"@id":"https:\/\/jansen.es\/#organization"},"alternateName":"Jansen","potentialAction":[{"@type":"SearchAction","target":{"@type":"EntryPoint","urlTemplate":"https:\/\/jansen.es\/?s={search_term_string}"},"query-input":{"@type":"PropertyValueSpecification","valueRequired":true,"valueName":"search_term_string"}}],"inLanguage":"pt-PT"},{"@type":"Organization","@id":"https:\/\/jansen.es\/#organization","name":"Jansen","alternateName":"Jansen","url":"https:\/\/jansen.es\/","logo":{"@type":"ImageObject","inLanguage":"pt-PT","@id":"https:\/\/jansen.es\/#\/schema\/logo\/image\/","url":"https:\/\/jansen.es\/wp-content\/uploads\/2022\/04\/favicon_jansen.png","contentUrl":"https:\/\/jansen.es\/wp-content\/uploads\/2022\/04\/favicon_jansen.png","width":238,"height":230,"caption":"Jansen"},"image":{"@id":"https:\/\/jansen.es\/#\/schema\/logo\/image\/"},"sameAs":["https:\/\/www.instagram.com\/janseniberia\/","https:\/\/www.pinterest.es\/janseniberia\/_created\/","https:\/\/www.linkedin.com\/company\/metalco-arquitectura-en-acero-s.l.\/"]},{"@type":"Person","@id":"https:\/\/jansen.es\/#\/schema\/person\/22f9352b44d35522acfcc35889f157cf","name":"admin","sameAs":["https:\/\/jansen.es"]}]}},"_links":{"self":[{"href":"https:\/\/jansen.es\/pt-pt\/wp-json\/wp\/v2\/posts\/1482","targetHints":{"allow":["GET"]}}],"collection":[{"href":"https:\/\/jansen.es\/pt-pt\/wp-json\/wp\/v2\/posts"}],"about":[{"href":"https:\/\/jansen.es\/pt-pt\/wp-json\/wp\/v2\/types\/post"}],"author":[{"embeddable":true,"href":"https:\/\/jansen.es\/pt-pt\/wp-json\/wp\/v2\/users\/1"}],"replies":[{"embeddable":true,"href":"https:\/\/jansen.es\/pt-pt\/wp-json\/wp\/v2\/comments?post=1482"}],"version-history":[{"count":0,"href":"https:\/\/jansen.es\/pt-pt\/wp-json\/wp\/v2\/posts\/1482\/revisions"}],"wp:featuredmedia":[{"embeddable":true,"href":"https:\/\/jansen.es\/pt-pt\/wp-json\/wp\/v2\/media\/1400"}],"wp:attachment":[{"href":"https:\/\/jansen.es\/pt-pt\/wp-json\/wp\/v2\/media?parent=1482"}],"wp:term":[{"taxonomy":"category","embeddable":true,"href":"https:\/\/jansen.es\/pt-pt\/wp-json\/wp\/v2\/categories?post=1482"},{"taxonomy":"post_tag","embeddable":true,"href":"https:\/\/jansen.es\/pt-pt\/wp-json\/wp\/v2\/tags?post=1482"}],"curies":[{"name":"wp","href":"https:\/\/api.w.org\/{rel}","templated":true}]}}