{"id":1519,"date":"2021-11-30T15:08:06","date_gmt":"2021-11-30T15:08:06","guid":{"rendered":"https:\/\/jansen.es\/carpintaria-de-aco-jansen-e-a-sua-adaptacao-ao-bim\/"},"modified":"2021-11-30T15:08:08","modified_gmt":"2021-11-30T15:08:08","slug":"carpintaria-de-aco-jansen-e-a-sua-adaptacao-ao-bim","status":"publish","type":"post","link":"https:\/\/jansen.es\/pt-pt\/carpintaria-de-aco-jansen-e-a-sua-adaptacao-ao-bim\/","title":{"rendered":"Carpintaria de a\u00e7o: Jansen e a sua adapta\u00e7\u00e3o ao BIM"},"content":{"rendered":"\n<h1 class=\"wp-block-heading\"><strong><strong><strong><strong>Carpintaria de a\u00e7o: Jansen e a sua adapta\u00e7\u00e3o ao BIM  <\/strong><\/strong><\/strong><\/strong><\/h1>\n<p><span style=\"font-weight: 400;\">Jansen, como um sistema de reconhecido prest\u00edgio dedicado ao recinto singular tanto em<\/span> <b>fachada<\/b> como em <b>carpintaria<\/b> <span style=\"font-weight: 400;\">de <\/span>a\u00e7o n\u00e3o foi deixado para tr\u00e1s na <span style=\"font-weight: 400;\">sua adapta\u00e7\u00e3o ao BIM.<\/span> <\/p>\n<p><span style=\"font-weight: 400;\">Portas com isolamento t\u00e9rmico, portas sem isolamento t\u00e9rmico, levantando portas de correr, portas de inc\u00eandio, janelas com isolamento t\u00e9rmico, janelas sem isolamento t\u00e9rmico, janelas resistentes ao fogo, carpintaria minimalista, parede de cortina de a\u00e7o ou parede de cortina de II, tudo pode ser feito adaptando-o ao BIM para que possa ser inclu\u00eddo em qualquer projeto que tenhamos que realizar.<\/span><\/p>\n<h2><b>Em primeiro lugar: O que \u00e9 a metodologia BIM?<br \/><\/b><\/h2>\n<p><span style=\"font-weight: 400;\">BIM, \u00e9 o acr\u00f3nimo para <\/span> <b>Modela\u00e7\u00e3o de<\/b> Informa\u00e7\u00e3o de Edif\u00edcios<span style=\"font-weight: 400;\">. \u00c9 um<\/span><b>  representa\u00e7\u00e3o digital das caracter\u00edsticas f\u00edsicas e funcionais de uma instala\u00e7\u00e3o<\/b><span style=\"font-weight: 400;\">. Permite a representa\u00e7\u00e3o virtual de um edif\u00edcio real em 3D.<\/span><\/p>\n<p><span style=\"font-weight: 400;\">Um objeto BIM \u00e9 a r\u00e9plica virtual de um produto real, uma combina\u00e7\u00e3o de:<\/span><\/p>\n<ul>\n<li style=\"font-weight: 400;\" aria-level=\"1\"><span style=\"font-weight: 400;\">O conte\u00fado da informa\u00e7\u00e3o que define um produto.<\/span><\/li>\n<li style=\"font-weight: 400;\" aria-level=\"1\"><span style=\"font-weight: 400;\">Propriedades do produto, como desempenho t\u00e9rmico.<\/span><\/li>\n<li style=\"font-weight: 400;\" aria-level=\"1\"><span style=\"font-weight: 400;\">Geometria que representa as caracter\u00edsticas f\u00edsicas do produto.<\/span><\/li>\n<li style=\"font-weight: 400;\" aria-level=\"1\"><span style=\"font-weight: 400;\">Mostrar dados que d\u00e3o ao objeto uma apar\u00eancia reconhec\u00edvel.<\/span><\/li>\n<li style=\"font-weight: 400;\" aria-level=\"1\"><span style=\"font-weight: 400;\">Dados funcionais, como zonas de dete\u00e7\u00e3o, que permitem que o objeto se posicione e se comporte da mesma forma que o pr\u00f3prio produto.<\/span><\/li>\n<\/ul>\n<p><span style=\"font-weight: 400;\">  BIM n\u00e3o \u00e9 um software,<\/span> <b>\u00e9 um m\u00e9todo de trabalho<\/b><span style=\"font-weight: 400;\">. Este novo m\u00e9todo de trabalho integra todos os agentes envolvidos no processo de constru\u00e7\u00e3o, arquitetos, engenheiros, construtores, desenvolvedores, gestores de instala\u00e7\u00f5es, etc., e estabelece um fluxo de comunica\u00e7\u00e3o transversal entre eles.<\/span><\/p>\n<p><span style=\"font-weight: 400;\">Este m\u00e9todo gera um modelo virtual que cont\u00e9m toda a informa\u00e7\u00e3o relacionada com o edif\u00edcio ao longo do seu ciclo de vida, desde a sua conce\u00e7\u00e3o inicial, durante a sua constru\u00e7\u00e3o e toda a sua vida \u00fatil, at\u00e9 \u00e0 sua demoli\u00e7\u00e3o.<\/span><\/p>\n<p><b>Bim n\u00e3o \u00e9 o futuro, \u00e9 o presente.<\/b> <span style=\"font-weight: 400;\">BIM<\/span> <b>j\u00e1 \u00e9 obrigat\u00f3rio em muitos pa\u00edses<\/b> <span style=\"font-weight: 400;\">tais como os Estados Unidos, o Reino Unido, os Pa\u00edses Baixos, a Dinamarca, a Finl\u00e2ndia, a Noruega, a Su\u00e9cia&#8230; e em breve estar\u00e1 na Espanha. A tend\u00eancia \u00e9 que, mais a curto prazo do que a m\u00e9dio prazo, \u00e9 a norma utilizada na constru\u00e7\u00e3o em todo o mundo desenvolvido. BIM n\u00e3o \u00e9 uma op\u00e7\u00e3o, est\u00e1 aqui para ficar.<\/span><\/p>\n<h2><b>Como \u00e9 que a Jansen se adaptou ao m\u00e9todo BIM?<br \/><\/b><\/h2>\n<p><span style=\"font-weight: 400;\">A Jansen trabalha com o BIM desde 2015 e o centro de compet\u00eancias bim &#8220;Technology &amp; Digital&#8221; est\u00e1 em vigor desde o in\u00edcio de 2018.<\/span><\/p>\n<p><span style=\"font-weight: 400;\">Gra\u00e7as \u00e0<\/span> plataforma <b>BIMobject,<\/b><\/p>\n<p><span style=\"font-weight: 400;\"> <span style=\"font-weight: 400;\">uma<\/span> plataforma de <b>conte\u00fado BIM l\u00edder mundial,<\/b><\/span><span style=\"font-weight: 400;\">  tem \u00e0 sua disposi\u00e7\u00e3o uma grande parte dos produtos da Jansen. Como arquiteto, engenheiro, designer ou planejador, voc\u00ea tem  <\/span><b>acesso gratuito a objetos BIM espec\u00edficos<\/b> do fabricante, <span style=\"font-weight: 400;\">neste caso a partir da Jansen, simplesmente registando-se na p\u00e1gina.<\/span><\/p>\n<p><span style=\"font-weight: 400;\">Existem mais de 56 modelos de carpintaria na plataforma BIMobject,  <b>portas de isolamento t\u00e9rmico (s\u00e9rie <\/b>Janisol e Janisol HI)<b>, portas sem isolamento t\u00e9rmico <\/b>(s\u00e9rie  <a href=\"https:\/\/www.jansen.es\/project\/economy-50-puerta\/\" target=\"_blank\" rel=\"noopener\">Economia 50<\/a> e  <a href=\"https:\/\/www.jansen.es\/project\/economy-60-puerta\/\" target=\"_blank\" rel=\"noopener\">Ecomonia 60),<\/a> <b> portas de correr <\/b>(s\u00e9rie Janisol HI e  <a href=\"https:\/\/www.jansen.es\/project\/janisol-arte-corredera\/\" target=\"_blank\" rel=\"noopener\">Arte),<\/a> <b> retr\u00e1ctil <\/b>(s\u00e9rie Janisol), <b> portas de fogo <\/b>(s\u00e9ries  <a href=\"https:\/\/www.jansen.es\/project\/janisol-2-ei30\/\" target=\"_blank\" rel=\"noopener\">Janisol 2 EI30<\/a> e Janisol C4 EI60\/90, <b> janelas com isolamento t\u00e9rmico <\/b>(s\u00e9rie Janisol e Art), <b> janelas sem isolamento t\u00e9rmico <\/b>(s\u00e9rie  <a href=\"https:\/\/www.jansen.es\/project\/artsystem\/\" target=\"_blank\" rel=\"noopener\">Arte Sistema<\/a> e Economia 50), <b> janela resistente ao fogo <\/b>(s\u00e9rie Janisol 1) <b> e parede de cortina de a\u00e7o <\/b>(Viss TVS 50 e Viss TVS s\u00e9rie 60)<b>.<\/b><\/span><\/p>\n<p><span style=\"font-weight: 400;\"><\/span><\/p>\n<p><span style=\"font-weight: 400;\">Todos estes modelos s\u00e3o<\/span><span style=\"font-weight: 400;\">  dispon\u00edvel como componentes 3D para utiliza\u00e7\u00e3o em modelos de constru\u00e7\u00e3o digital. Estes cont\u00eam informa\u00e7\u00f5es sobre geometria e dados do produto. Os modelos BIM s\u00e3o  <\/span><b>dispon\u00edvel como download gratuito para Revit e ArchiCAD, bem como em formato neutro IFC.<\/b><span style=\"font-weight: 400;\">  <\/span><\/p>\n<p><span style=\"font-weight: 400;\">Ao aceder a um objeto BIM, aparece uma breve descri\u00e7\u00e3o do produto e introduz os separadores que aparecem na parte inferior, pode ver informa\u00e7\u00f5es mais detalhadas e at\u00e9 liga-se \u00e0s p\u00e1ginas web para ver mais documenta\u00e7\u00e3o sobre o produto. Pode descarreg\u00e1-los nos formatos especificados mesmo em pdf e autocad.<\/span><\/p>\n<p><span style=\"font-weight: 400;\">Para inclu\u00ed-los no projeto existe um Interface-Revit que lhe permite incluir os modelos diretamente.<\/span><\/p>\n<p><span style=\"font-weight: 400;\">\u00c9 poss\u00edvel consultar todos estes modelos na nossa  <\/span><a href=\"https:\/\/www.jansen.es\/sistemas_es\/\" target=\"_blank\" rel=\"noopener\"><span style=\"font-weight: 400;\">Cat\u00e1logos<\/span><\/a><span style=\"font-weight: 400;\">, para que possa ajud\u00e1-lo na escolha do sistema para usar em cada um dos casos, oferecendo aos designers e propriedades solu\u00e7\u00f5es espec\u00edficas de acordo com as suas necessidades, com propostas para qualquer elemento de  <\/span><b>fachada<\/b><span style=\"font-weight: 400;\">  ou  <\/span><b>carpintaria de a\u00e7o<\/b><span style=\"font-weight: 400;\">.<\/span><\/p>\n<p><span style=\"font-weight: 400;\">Existe tamb\u00e9m a possibilidade, gra\u00e7as ao programa de c\u00e1lculo de carpintaria e fachada da Jansen,<\/span> <b>a Janisoft,<\/b><span style=\"font-weight: 400;\">criar qualquer tipo de composi\u00e7\u00e3o e export\u00e1-la como modelo BIM para o formato Revit.<\/span><\/p>\n<p><span style=\"font-weight: 400;\">Esta \u00e9 uma grande vantagem j\u00e1 que trabalhando em conjunto com os arquitetos, designers ou propriedades pode criar o modelo BIM conforme necess\u00e1rio no projeto, composi\u00e7\u00f5es de fixa\u00e7\u00e3o, portas, janelas, fachadas com portas inseridas, todo o tipo de possibilidades e incorpor\u00e1-lo diretamente no projeto com toda a informa\u00e7\u00e3o necess\u00e1ria tanto geometria, como geometria,  perfis e caracter\u00edsticas t\u00e9cnicas.<\/span><\/p>\n<p><span style=\"font-weight: 400;\">Assim como pode exportar modelos Janisoft em formato BIM, existe tamb\u00e9m a possibilidade de os importar. Isto permite-lhe fazer modifica\u00e7\u00f5es com o programa e export\u00e1-las novamente com as modifica\u00e7\u00f5es inclu\u00eddas.<\/span><\/p>\n<p><span style=\"font-weight: 400;\">JANSEN e BIM juntos no presente e para um futuro com muitas possibilidades!<\/span><\/p>\n\n<div class=\"wp-block-group is-layout-flow wp-block-group-is-layout-flow\"><div class=\"wp-block-group__inner-container\"><\/div><\/div>\n\n<p><\/p>\n","protected":false},"excerpt":{"rendered":"<p>Conhece a metodologia BIM? Esta metodologia permite a representa\u00e7\u00e3o virtual de um edif\u00edcio real em 3D.<\/p>\n","protected":false},"author":1,"featured_media":1398,"comment_status":"closed","ping_status":"closed","sticky":false,"template":"","format":"standard","meta":{"_et_pb_use_builder":"","_et_pb_old_content":"","_et_gb_content_width":"","footnotes":""},"categories":[27],"tags":[],"class_list":["post-1519","post","type-post","status-publish","format-standard","has-post-thumbnail","hentry","category-noticias-pt-pt"],"acf":[],"yoast_head":"<!-- This site is optimized with the Yoast SEO plugin v27.5 - https:\/\/yoast.com\/product\/yoast-seo-wordpress\/ -->\n<title>Carpintaria de a\u00e7o: Jansen e a sua adapta\u00e7\u00e3o ao BIM - Jansen<\/title>\n<meta name=\"robots\" content=\"index, follow, max-snippet:-1, max-image-preview:large, max-video-preview:-1\" \/>\n<link rel=\"canonical\" href=\"https:\/\/jansen.es\/pt-pt\/carpintaria-de-aco-jansen-e-a-sua-adaptacao-ao-bim\/\" \/>\n<meta property=\"og:locale\" content=\"pt_PT\" \/>\n<meta property=\"og:type\" content=\"article\" \/>\n<meta property=\"og:title\" content=\"Carpintaria de a\u00e7o: Jansen e a sua adapta\u00e7\u00e3o ao BIM - Jansen\" \/>\n<meta property=\"og:description\" content=\"Conhece a metodologia BIM? Esta metodologia permite a representa\u00e7\u00e3o virtual de um edif\u00edcio real em 3D.\" \/>\n<meta property=\"og:site_name\" content=\"Jansen\" \/>\n<meta property=\"article:published_time\" content=\"2021-11-30T15:08:06+00:00\" \/>\n<meta property=\"article:modified_time\" content=\"2021-11-30T15:08:08+00:00\" \/>\n<meta property=\"og:image\" content=\"https:\/\/jansen.es\/wp-content\/uploads\/2021\/11\/jansen-y-BIM-carpiterias-de-acero.jpg\" \/>\n\t<meta property=\"og:image:width\" content=\"2000\" \/>\n\t<meta property=\"og:image:height\" content=\"1000\" \/>\n\t<meta property=\"og:image:type\" content=\"image\/jpeg\" \/>\n<meta name=\"author\" content=\"admin\" \/>\n<meta name=\"twitter:card\" content=\"summary_large_image\" \/>\n<meta name=\"twitter:label1\" content=\"Escrito por\" \/>\n\t<meta name=\"twitter:data1\" content=\"admin\" \/>\n\t<meta name=\"twitter:label2\" content=\"Tempo estimado de leitura\" \/>\n\t<meta name=\"twitter:data2\" content=\"5 minutos\" \/>\n<script type=\"application\/ld+json\" class=\"yoast-schema-graph\">{\"@context\":\"https:\\\/\\\/schema.org\",\"@graph\":[{\"@type\":\"Article\",\"@id\":\"https:\\\/\\\/jansen.es\\\/pt-pt\\\/carpintaria-de-aco-jansen-e-a-sua-adaptacao-ao-bim\\\/#article\",\"isPartOf\":{\"@id\":\"https:\\\/\\\/jansen.es\\\/pt-pt\\\/carpintaria-de-aco-jansen-e-a-sua-adaptacao-ao-bim\\\/\"},\"author\":{\"name\":\"admin\",\"@id\":\"https:\\\/\\\/jansen.es\\\/#\\\/schema\\\/person\\\/22f9352b44d35522acfcc35889f157cf\"},\"headline\":\"Carpintaria de a\u00e7o: Jansen e a sua adapta\u00e7\u00e3o ao BIM\",\"datePublished\":\"2021-11-30T15:08:06+00:00\",\"dateModified\":\"2021-11-30T15:08:08+00:00\",\"mainEntityOfPage\":{\"@id\":\"https:\\\/\\\/jansen.es\\\/pt-pt\\\/carpintaria-de-aco-jansen-e-a-sua-adaptacao-ao-bim\\\/\"},\"wordCount\":925,\"publisher\":{\"@id\":\"https:\\\/\\\/jansen.es\\\/#organization\"},\"image\":{\"@id\":\"https:\\\/\\\/jansen.es\\\/pt-pt\\\/carpintaria-de-aco-jansen-e-a-sua-adaptacao-ao-bim\\\/#primaryimage\"},\"thumbnailUrl\":\"https:\\\/\\\/jansen.es\\\/wp-content\\\/uploads\\\/2021\\\/11\\\/jansen-y-BIM-carpiterias-de-acero.jpg\",\"articleSection\":[\"Not\u00edcias\"],\"inLanguage\":\"pt-PT\"},{\"@type\":[\"WebPage\",\"ItemPage\"],\"@id\":\"https:\\\/\\\/jansen.es\\\/pt-pt\\\/carpintaria-de-aco-jansen-e-a-sua-adaptacao-ao-bim\\\/\",\"url\":\"https:\\\/\\\/jansen.es\\\/pt-pt\\\/carpintaria-de-aco-jansen-e-a-sua-adaptacao-ao-bim\\\/\",\"name\":\"Carpintaria de a\u00e7o: Jansen e a sua adapta\u00e7\u00e3o ao BIM - Jansen\",\"isPartOf\":{\"@id\":\"https:\\\/\\\/jansen.es\\\/#website\"},\"primaryImageOfPage\":{\"@id\":\"https:\\\/\\\/jansen.es\\\/pt-pt\\\/carpintaria-de-aco-jansen-e-a-sua-adaptacao-ao-bim\\\/#primaryimage\"},\"image\":{\"@id\":\"https:\\\/\\\/jansen.es\\\/pt-pt\\\/carpintaria-de-aco-jansen-e-a-sua-adaptacao-ao-bim\\\/#primaryimage\"},\"thumbnailUrl\":\"https:\\\/\\\/jansen.es\\\/wp-content\\\/uploads\\\/2021\\\/11\\\/jansen-y-BIM-carpiterias-de-acero.jpg\",\"datePublished\":\"2021-11-30T15:08:06+00:00\",\"dateModified\":\"2021-11-30T15:08:08+00:00\",\"breadcrumb\":{\"@id\":\"https:\\\/\\\/jansen.es\\\/pt-pt\\\/carpintaria-de-aco-jansen-e-a-sua-adaptacao-ao-bim\\\/#breadcrumb\"},\"inLanguage\":\"pt-PT\",\"potentialAction\":[{\"@type\":\"ReadAction\",\"target\":[\"https:\\\/\\\/jansen.es\\\/pt-pt\\\/carpintaria-de-aco-jansen-e-a-sua-adaptacao-ao-bim\\\/\"]}]},{\"@type\":\"ImageObject\",\"inLanguage\":\"pt-PT\",\"@id\":\"https:\\\/\\\/jansen.es\\\/pt-pt\\\/carpintaria-de-aco-jansen-e-a-sua-adaptacao-ao-bim\\\/#primaryimage\",\"url\":\"https:\\\/\\\/jansen.es\\\/wp-content\\\/uploads\\\/2021\\\/11\\\/jansen-y-BIM-carpiterias-de-acero.jpg\",\"contentUrl\":\"https:\\\/\\\/jansen.es\\\/wp-content\\\/uploads\\\/2021\\\/11\\\/jansen-y-BIM-carpiterias-de-acero.jpg\",\"width\":2000,\"height\":1000,\"caption\":\"Carpinter\u00edas de acero: Jansen y su adaptaci\u00f3n a BIM\"},{\"@type\":\"BreadcrumbList\",\"@id\":\"https:\\\/\\\/jansen.es\\\/pt-pt\\\/carpintaria-de-aco-jansen-e-a-sua-adaptacao-ao-bim\\\/#breadcrumb\",\"itemListElement\":[{\"@type\":\"ListItem\",\"position\":1,\"name\":\"Inicio\",\"item\":\"https:\\\/\\\/jansen.es\\\/pt-pt\\\/\"},{\"@type\":\"ListItem\",\"position\":2,\"name\":\"Carpintaria de a\u00e7o: Jansen e a sua adapta\u00e7\u00e3o ao BIM\"}]},{\"@type\":\"WebSite\",\"@id\":\"https:\\\/\\\/jansen.es\\\/#website\",\"url\":\"https:\\\/\\\/jansen.es\\\/\",\"name\":\"Jansen\",\"description\":\"Empresa l\u00edder en la fabricaci\u00f3n de perfiles de acero para puertas y ventanas\",\"publisher\":{\"@id\":\"https:\\\/\\\/jansen.es\\\/#organization\"},\"alternateName\":\"Jansen\",\"potentialAction\":[{\"@type\":\"SearchAction\",\"target\":{\"@type\":\"EntryPoint\",\"urlTemplate\":\"https:\\\/\\\/jansen.es\\\/?s={search_term_string}\"},\"query-input\":{\"@type\":\"PropertyValueSpecification\",\"valueRequired\":true,\"valueName\":\"search_term_string\"}}],\"inLanguage\":\"pt-PT\"},{\"@type\":\"Organization\",\"@id\":\"https:\\\/\\\/jansen.es\\\/#organization\",\"name\":\"Jansen\",\"alternateName\":\"Jansen\",\"url\":\"https:\\\/\\\/jansen.es\\\/\",\"logo\":{\"@type\":\"ImageObject\",\"inLanguage\":\"pt-PT\",\"@id\":\"https:\\\/\\\/jansen.es\\\/#\\\/schema\\\/logo\\\/image\\\/\",\"url\":\"https:\\\/\\\/jansen.es\\\/wp-content\\\/uploads\\\/2022\\\/04\\\/favicon_jansen.png\",\"contentUrl\":\"https:\\\/\\\/jansen.es\\\/wp-content\\\/uploads\\\/2022\\\/04\\\/favicon_jansen.png\",\"width\":238,\"height\":230,\"caption\":\"Jansen\"},\"image\":{\"@id\":\"https:\\\/\\\/jansen.es\\\/#\\\/schema\\\/logo\\\/image\\\/\"},\"sameAs\":[\"https:\\\/\\\/www.instagram.com\\\/janseniberia\\\/\",\"https:\\\/\\\/www.pinterest.es\\\/janseniberia\\\/_created\\\/\",\"https:\\\/\\\/www.linkedin.com\\\/company\\\/metalco-arquitectura-en-acero-s.l.\\\/\"]},{\"@type\":\"Person\",\"@id\":\"https:\\\/\\\/jansen.es\\\/#\\\/schema\\\/person\\\/22f9352b44d35522acfcc35889f157cf\",\"name\":\"admin\",\"sameAs\":[\"https:\\\/\\\/jansen.es\"]}]}<\/script>\n<!-- \/ Yoast SEO plugin. -->","yoast_head_json":{"title":"Carpintaria de a\u00e7o: Jansen e a sua adapta\u00e7\u00e3o ao BIM - Jansen","robots":{"index":"index","follow":"follow","max-snippet":"max-snippet:-1","max-image-preview":"max-image-preview:large","max-video-preview":"max-video-preview:-1"},"canonical":"https:\/\/jansen.es\/pt-pt\/carpintaria-de-aco-jansen-e-a-sua-adaptacao-ao-bim\/","og_locale":"pt_PT","og_type":"article","og_title":"Carpintaria de a\u00e7o: Jansen e a sua adapta\u00e7\u00e3o ao BIM - Jansen","og_description":"Conhece a metodologia BIM? Esta metodologia permite a representa\u00e7\u00e3o virtual de um edif\u00edcio real em 3D.","og_site_name":"Jansen","article_published_time":"2021-11-30T15:08:06+00:00","article_modified_time":"2021-11-30T15:08:08+00:00","og_image":[{"width":2000,"height":1000,"url":"https:\/\/jansen.es\/wp-content\/uploads\/2021\/11\/jansen-y-BIM-carpiterias-de-acero.jpg","type":"image\/jpeg"}],"author":"admin","twitter_card":"summary_large_image","twitter_misc":{"Escrito por":"admin","Tempo estimado de leitura":"5 minutos"},"schema":{"@context":"https:\/\/schema.org","@graph":[{"@type":"Article","@id":"https:\/\/jansen.es\/pt-pt\/carpintaria-de-aco-jansen-e-a-sua-adaptacao-ao-bim\/#article","isPartOf":{"@id":"https:\/\/jansen.es\/pt-pt\/carpintaria-de-aco-jansen-e-a-sua-adaptacao-ao-bim\/"},"author":{"name":"admin","@id":"https:\/\/jansen.es\/#\/schema\/person\/22f9352b44d35522acfcc35889f157cf"},"headline":"Carpintaria de a\u00e7o: Jansen e a sua adapta\u00e7\u00e3o ao BIM","datePublished":"2021-11-30T15:08:06+00:00","dateModified":"2021-11-30T15:08:08+00:00","mainEntityOfPage":{"@id":"https:\/\/jansen.es\/pt-pt\/carpintaria-de-aco-jansen-e-a-sua-adaptacao-ao-bim\/"},"wordCount":925,"publisher":{"@id":"https:\/\/jansen.es\/#organization"},"image":{"@id":"https:\/\/jansen.es\/pt-pt\/carpintaria-de-aco-jansen-e-a-sua-adaptacao-ao-bim\/#primaryimage"},"thumbnailUrl":"https:\/\/jansen.es\/wp-content\/uploads\/2021\/11\/jansen-y-BIM-carpiterias-de-acero.jpg","articleSection":["Not\u00edcias"],"inLanguage":"pt-PT"},{"@type":["WebPage","ItemPage"],"@id":"https:\/\/jansen.es\/pt-pt\/carpintaria-de-aco-jansen-e-a-sua-adaptacao-ao-bim\/","url":"https:\/\/jansen.es\/pt-pt\/carpintaria-de-aco-jansen-e-a-sua-adaptacao-ao-bim\/","name":"Carpintaria de a\u00e7o: Jansen e a sua adapta\u00e7\u00e3o ao BIM - Jansen","isPartOf":{"@id":"https:\/\/jansen.es\/#website"},"primaryImageOfPage":{"@id":"https:\/\/jansen.es\/pt-pt\/carpintaria-de-aco-jansen-e-a-sua-adaptacao-ao-bim\/#primaryimage"},"image":{"@id":"https:\/\/jansen.es\/pt-pt\/carpintaria-de-aco-jansen-e-a-sua-adaptacao-ao-bim\/#primaryimage"},"thumbnailUrl":"https:\/\/jansen.es\/wp-content\/uploads\/2021\/11\/jansen-y-BIM-carpiterias-de-acero.jpg","datePublished":"2021-11-30T15:08:06+00:00","dateModified":"2021-11-30T15:08:08+00:00","breadcrumb":{"@id":"https:\/\/jansen.es\/pt-pt\/carpintaria-de-aco-jansen-e-a-sua-adaptacao-ao-bim\/#breadcrumb"},"inLanguage":"pt-PT","potentialAction":[{"@type":"ReadAction","target":["https:\/\/jansen.es\/pt-pt\/carpintaria-de-aco-jansen-e-a-sua-adaptacao-ao-bim\/"]}]},{"@type":"ImageObject","inLanguage":"pt-PT","@id":"https:\/\/jansen.es\/pt-pt\/carpintaria-de-aco-jansen-e-a-sua-adaptacao-ao-bim\/#primaryimage","url":"https:\/\/jansen.es\/wp-content\/uploads\/2021\/11\/jansen-y-BIM-carpiterias-de-acero.jpg","contentUrl":"https:\/\/jansen.es\/wp-content\/uploads\/2021\/11\/jansen-y-BIM-carpiterias-de-acero.jpg","width":2000,"height":1000,"caption":"Carpinter\u00edas de acero: Jansen y su adaptaci\u00f3n a BIM"},{"@type":"BreadcrumbList","@id":"https:\/\/jansen.es\/pt-pt\/carpintaria-de-aco-jansen-e-a-sua-adaptacao-ao-bim\/#breadcrumb","itemListElement":[{"@type":"ListItem","position":1,"name":"Inicio","item":"https:\/\/jansen.es\/pt-pt\/"},{"@type":"ListItem","position":2,"name":"Carpintaria de a\u00e7o: Jansen e a sua adapta\u00e7\u00e3o ao BIM"}]},{"@type":"WebSite","@id":"https:\/\/jansen.es\/#website","url":"https:\/\/jansen.es\/","name":"Jansen","description":"Empresa l\u00edder en la fabricaci\u00f3n de perfiles de acero para puertas y ventanas","publisher":{"@id":"https:\/\/jansen.es\/#organization"},"alternateName":"Jansen","potentialAction":[{"@type":"SearchAction","target":{"@type":"EntryPoint","urlTemplate":"https:\/\/jansen.es\/?s={search_term_string}"},"query-input":{"@type":"PropertyValueSpecification","valueRequired":true,"valueName":"search_term_string"}}],"inLanguage":"pt-PT"},{"@type":"Organization","@id":"https:\/\/jansen.es\/#organization","name":"Jansen","alternateName":"Jansen","url":"https:\/\/jansen.es\/","logo":{"@type":"ImageObject","inLanguage":"pt-PT","@id":"https:\/\/jansen.es\/#\/schema\/logo\/image\/","url":"https:\/\/jansen.es\/wp-content\/uploads\/2022\/04\/favicon_jansen.png","contentUrl":"https:\/\/jansen.es\/wp-content\/uploads\/2022\/04\/favicon_jansen.png","width":238,"height":230,"caption":"Jansen"},"image":{"@id":"https:\/\/jansen.es\/#\/schema\/logo\/image\/"},"sameAs":["https:\/\/www.instagram.com\/janseniberia\/","https:\/\/www.pinterest.es\/janseniberia\/_created\/","https:\/\/www.linkedin.com\/company\/metalco-arquitectura-en-acero-s.l.\/"]},{"@type":"Person","@id":"https:\/\/jansen.es\/#\/schema\/person\/22f9352b44d35522acfcc35889f157cf","name":"admin","sameAs":["https:\/\/jansen.es"]}]}},"_links":{"self":[{"href":"https:\/\/jansen.es\/pt-pt\/wp-json\/wp\/v2\/posts\/1519","targetHints":{"allow":["GET"]}}],"collection":[{"href":"https:\/\/jansen.es\/pt-pt\/wp-json\/wp\/v2\/posts"}],"about":[{"href":"https:\/\/jansen.es\/pt-pt\/wp-json\/wp\/v2\/types\/post"}],"author":[{"embeddable":true,"href":"https:\/\/jansen.es\/pt-pt\/wp-json\/wp\/v2\/users\/1"}],"replies":[{"embeddable":true,"href":"https:\/\/jansen.es\/pt-pt\/wp-json\/wp\/v2\/comments?post=1519"}],"version-history":[{"count":0,"href":"https:\/\/jansen.es\/pt-pt\/wp-json\/wp\/v2\/posts\/1519\/revisions"}],"wp:featuredmedia":[{"embeddable":true,"href":"https:\/\/jansen.es\/pt-pt\/wp-json\/wp\/v2\/media\/1398"}],"wp:attachment":[{"href":"https:\/\/jansen.es\/pt-pt\/wp-json\/wp\/v2\/media?parent=1519"}],"wp:term":[{"taxonomy":"category","embeddable":true,"href":"https:\/\/jansen.es\/pt-pt\/wp-json\/wp\/v2\/categories?post=1519"},{"taxonomy":"post_tag","embeddable":true,"href":"https:\/\/jansen.es\/pt-pt\/wp-json\/wp\/v2\/tags?post=1519"}],"curies":[{"name":"wp","href":"https:\/\/api.w.org\/{rel}","templated":true}]}}