{"id":1525,"date":"2021-11-30T15:08:12","date_gmt":"2021-11-30T15:08:12","guid":{"rendered":"https:\/\/jansen.es\/janelas-de-aco-design-e-estetica\/"},"modified":"2021-11-30T15:08:16","modified_gmt":"2021-11-30T15:08:16","slug":"janelas-de-aco-design-e-estetica","status":"publish","type":"post","link":"https:\/\/jansen.es\/pt-pt\/janelas-de-aco-design-e-estetica\/","title":{"rendered":"Janelas de a\u00e7o, design e est\u00e9tica"},"content":{"rendered":"\n<h1 class=\"wp-block-heading\"><strong><strong>Janelas de a\u00e7o, design e est\u00e9tica<\/strong><\/strong><\/h1>\n<p><span style=\"font-weight: 400;\">N\u00e3o s\u00f3 janelas de a\u00e7o! Atualmente uma marca como Jansen, especialista em sistemas de  <\/span><b>A carpintaria<\/b> de a\u00e7o <span style=\"font-weight: 400;\">tem no seu <\/span>extenso <a href=\"https:\/\/www.jansen.es\/sistemas_es\/\" target=\"_blank\" rel=\"noopener\"><span style=\"font-weight: 400;\">cat\u00e1logo<\/span><\/p>\n<p><\/a> com janelas<span style=\"font-weight: 400;\"> de<\/span> <b>a\u00e7o,<\/b> <span style=\"font-weight: 400;\">tais como <\/span>portas de a\u00e7o, paredes de cortina de <b>a\u00e7o,<\/b> <span style=\"font-weight: 400;\"> <\/span> <b>claraboias<\/b> de a\u00e7o <span style=\"font-weight: 400;\">e com propostas para qualquer elemento de fachada ou <\/span> <b>carpintaria<\/b> <span style=\"font-weight: 400;\"> <\/span> <b> de a\u00e7o.<span style=\"font-weight: 400;\"> <\/span><\/b> <\/p>\n<p><span style=\"font-weight: 400;\">Claro que, entre toda esta variedade, encontramos solu\u00e7\u00f5es em <\/span>a\u00e7o com <b>quebra de<\/b> pontes t\u00e9rmicas <span style=\"font-weight: 400;\">e <\/span>a\u00e7o sem rutura de <b>ponte t\u00e9rmica,<\/b><span style=\"font-weight: 400;\">para poder oferecer aos designers e propriedades solu\u00e7\u00f5es espec\u00edficas de acordo com as suas necessidades.<\/span><\/p>\n<p><span style=\"font-weight: 400;\">As vantagens no design e est\u00e9tica das janelas de<\/span> <b>a\u00e7o<\/b><span style=\"font-weight: 400;\">  sobre outros materiais s\u00e3o largos. Al\u00e9m de combinar ou ultrapassar qualquer sistema de carpintaria de materiais como o alum\u00ednio, introduz uma s\u00e9rie de vantagens est\u00e9ticas muito claras que fazem o  <\/span><b>janelas de a\u00e7o<\/b> <span style=\"font-weight: 400;\">uma aposta segura quando se trata de design, est\u00e9tica e eleg\u00e2ncia.<\/span><\/p>\n<p><span style=\"font-weight: 400;\">Gra\u00e7as \u00e0s propriedades inerentes ao a\u00e7o em si, os aspetos est\u00e9ticos das janelas de <\/span>a\u00e7o s\u00e3o <b>realizados.<\/b> <span style=\"font-weight: 400;\"> <\/span><\/p>\n<h2><b>Janelas de a\u00e7o com apar\u00eancia visual mais limpa<\/b><\/h2>\n<p><span style=\"font-weight: 400;\">Assim, por exemplo,<\/span> <b>as janelas de a\u00e7o <a href=\"https:\/\/www.jansen.es\/\" target=\"_blank\" rel=\"noopener\">Jansen<\/a> <\/b> <span style=\"font-weight: 400;\">de folha dupla forma-se com 2 perfis que representam um total de 60 mm, em compara\u00e7\u00e3o com mais de 90 mm, pelo menos, em outros materiais. Reduzindo consideravelmente a superf\u00edcie vis\u00edvel do quadro e, assim, oferecendo ao utilizador uma apar\u00eancia visual muito mais limpa,  <\/span><b>real\u00e7ando as linhas delgadas<\/b> <span style=\"font-weight: 400;\">da carpintaria e engravidando a sala com uma sobriedade inimit\u00e1vel.<\/span> <\/p>\n<p><span style=\"font-weight: 400;\">Podemos garantir que os perfis Jansen que s\u00e3o usados para a realiza\u00e7\u00e3o das nossas <\/span> <b>janelas<\/b> de a\u00e7o aumentam <b>a superf\u00edcie vidrada entre 10% e 50%<\/b> <span style=\"font-weight: 400;\">gra\u00e7as a um perfil muito mais fino e fino do que em s\u00e9ries de alum\u00ednio equivalentes ao desempenho. Inundando assim as salas em que est\u00e3o instalados  <\/span><b>janelas de a\u00e7o com<\/b> <span style=\"font-weight: 400;\">ilumina\u00e7\u00e3o natural extraordin\u00e1ria, melhorando assim o resto dos elementos.<\/span><\/p>\n<h2><b>Uma integridade que se mant\u00e9m ao longo dos anos<\/b><\/h2>\n<p><span style=\"font-weight: 400;\">Uma das caracter\u00edsticas que podemos facilmente identificar nas<\/span> <b>janelas<\/b> de a\u00e7o \u00e9 o tipo de uni\u00e3o que \u00e9 feita nos perfis dos seus<span style=\"font-weight: 400;\"> quadros e folhas,<\/span> <b>sem liga\u00e7\u00f5es mec\u00e2nicas.<\/b><span style=\"font-weight: 400;\"> <\/span><\/p>\n<p><span style=\"font-weight: 400;\">Em vez disso, estas juntas s\u00e3o executadas por soldadura, de modo que os ingletes, uma vez revistos e lacados aparecem com<\/span><b>  uma apar\u00eancia s\u00f3lida e uniforme<\/b><span style=\"font-weight: 400;\">, evitando assim que, visualmente, qualquer transi\u00e7\u00e3o seja apreciada, essas juntas n\u00e3o ser\u00e3o vistas em cada canto nas janelas de a\u00e7o.  <\/span><\/p>\n<p><span style=\"font-weight: 400;\">No entanto, em outros materiais como o alum\u00ednio ou PVC<\/span> <span style=\"font-weight: 400;\">com o passar do tempo estas articula\u00e7\u00f5es est\u00e3o ganhando folga e s\u00e3o marcadas cada vez mais, tornando-as envelhecidas rapidamente. A junta soldada das janelas de a\u00e7o tamb\u00e9m garante que, com o passar do tempo, e devido \u00e0s sucessivas expans\u00f5es e contra\u00e7\u00f5es produzidas por altera\u00e7\u00f5es de temperatura,  <\/span><b>sua integridade permanece intacta<\/b><span style=\"font-weight: 400;\">, n\u00e3o comprometer o desempenho ou o design. Depois de 50 anos  <\/span><b>as janelas de a\u00e7o<\/b> <span style=\"font-weight: 400;\">ser\u00e3o iguais ao primeiro dia.<\/span><\/p>\n<h2><b>Janelas maiores<\/b><\/h2>\n<p><span style=\"font-weight: 400;\">Outro aspeto com uma grande carga est\u00e9tica nas janelas de a\u00e7o \u00e9 o uso de hardware, tanto em tamanho como em quantidade.  <\/span><\/p>\n<p><span style=\"font-weight: 400;\">As dobradi\u00e7as com as quais uma grande janela, tanto em altura como em largura, com um sistema de a\u00e7o, \u00e9 resolvida sem problemas, s\u00e3o menores em tamanho e quantidade do que as utilizadas em sistemas de alum\u00ednio. Al\u00e9m disso  <\/span><b>as dimens\u00f5es que uma janela de a\u00e7o pode alcan\u00e7ar s\u00e3o muito mais altas do que as de qualquer outro sistema<\/b><span style=\"font-weight: 400;\">. Isto adicionado \u00e0 fineza dos seus perfis faz  <\/span><b>janelas de a\u00e7o uma<\/b> <span style=\"font-weight: 400;\">solu\u00e7\u00e3o est\u00e9tica, al\u00e9m de alcan\u00e7ar onde outros sistemas n\u00e3o.<\/span><\/p>\n<h2><b>Janelas de a\u00e7o com v\u00e1rios acabamentos e desenhos<\/b><\/h2>\n<p><span style=\"font-weight: 400;\">Para al\u00e9m destes aspetos diretamente relacionados com a forma como as caracter\u00edsticas do a\u00e7o afetam a constru\u00e7\u00e3o e a est\u00e9tica do  <\/span><b>janelas de a\u00e7o com rutura t\u00e9rmica  <\/b><span style=\"font-weight: 400;\">ou sem isso, h\u00e1 a possibilidade de escolher  <\/span><b>qualquer cor e tipo de acabamento  <\/b><span style=\"font-weight: 400;\">para janelas de a\u00e7o, quer texturizadas, com toques met\u00e1licos, cetim&#8230; as possibilidades s\u00e3o infinitas.  <\/span><\/p>\n<p><span style=\"font-weight: 400;\">Sem mencionar brevemente, por que d\u00e1 para um artigo completo, a grande variedade de pegas e hardware dispon\u00edveis para ser capaz de personalizar<\/span> <b>janelas<\/b> de a\u00e7o<span style=\"font-weight: 400;\">  ao gosto do consumidor. Voc\u00ea pode visitar na nossa  <\/span><a href=\"https:\/\/www.jansen.es\/project\/janisol-arte\/\" target=\"_blank\" rel=\"noopener\"><span style=\"font-weight: 400;\">catalogar<\/span><\/p>\n<p><\/a> <span style=\"font-weight: 400;\">uma das s\u00e9ries estrelas da Jansen para <\/span> <b>janelas <\/b>de a\u00e7o e onde tamb\u00e9m pode <span style=\"font-weight: 400;\">baixar precisamente um extenso cat\u00e1logo de al\u00e7as.<\/span><\/p>\n<p><span style=\"font-weight: 400;\">Uma vez conhecidos todos estes detalhes, \u00e9 dif\u00edcil para o nosso olhar n\u00e3o virar-se para estes elementos quando somos confrontados com portas de a\u00e7o ou janelas de determinadas dimens\u00f5es.<\/span><\/p>\n\n<div class=\"wp-block-group is-layout-flow wp-block-group-is-layout-flow\"><div class=\"wp-block-group__inner-container\"><\/div><\/div>\n\n<p><\/p>\n","protected":false},"excerpt":{"rendered":"<p>N\u00e3o s\u00f3 janelas de a\u00e7o! Atualmente uma marca como a Jansen, especialista em sistemas de carpintaria de a\u00e7o tem no seu extenso cat\u00e1logo com janelas de a\u00e7o, como portas de a\u00e7o, paredes de cortina de a\u00e7o, claraboias de a\u00e7o e com propostas para qualquer elemento de fachada ou carpintaria de a\u00e7o.  <\/p>\n","protected":false},"author":1,"featured_media":1394,"comment_status":"closed","ping_status":"closed","sticky":false,"template":"","format":"standard","meta":{"_et_pb_use_builder":"","_et_pb_old_content":"","_et_gb_content_width":"","footnotes":""},"categories":[27],"tags":[],"class_list":["post-1525","post","type-post","status-publish","format-standard","has-post-thumbnail","hentry","category-noticias-pt-pt"],"acf":[],"yoast_head":"<!-- This site is optimized with the Yoast SEO plugin v27.5 - https:\/\/yoast.com\/product\/yoast-seo-wordpress\/ -->\n<title>Janelas de a\u00e7o, design e est\u00e9tica - Jansen<\/title>\n<meta name=\"robots\" content=\"index, follow, max-snippet:-1, max-image-preview:large, max-video-preview:-1\" \/>\n<link rel=\"canonical\" href=\"https:\/\/jansen.es\/pt-pt\/janelas-de-aco-design-e-estetica\/\" \/>\n<meta property=\"og:locale\" content=\"pt_PT\" \/>\n<meta property=\"og:type\" content=\"article\" \/>\n<meta property=\"og:title\" content=\"Janelas de a\u00e7o, design e est\u00e9tica - Jansen\" \/>\n<meta property=\"og:description\" content=\"N\u00e3o s\u00f3 janelas de a\u00e7o! Atualmente uma marca como a Jansen, especialista em sistemas de carpintaria de a\u00e7o tem no seu extenso cat\u00e1logo com janelas de a\u00e7o, como portas de a\u00e7o, paredes de cortina de a\u00e7o, claraboias de a\u00e7o e com propostas para qualquer elemento de fachada ou carpintaria de a\u00e7o.\" \/>\n<meta property=\"og:site_name\" content=\"Jansen\" \/>\n<meta property=\"article:published_time\" content=\"2021-11-30T15:08:12+00:00\" \/>\n<meta property=\"article:modified_time\" content=\"2021-11-30T15:08:16+00:00\" \/>\n<meta property=\"og:image\" content=\"https:\/\/jansen.es\/wp-content\/uploads\/2021\/11\/ventanas-de-acero-scaled-1.jpg\" \/>\n\t<meta property=\"og:image:width\" content=\"1707\" \/>\n\t<meta property=\"og:image:height\" content=\"2560\" \/>\n\t<meta property=\"og:image:type\" content=\"image\/jpeg\" \/>\n<meta name=\"author\" content=\"admin\" \/>\n<meta name=\"twitter:card\" content=\"summary_large_image\" \/>\n<meta name=\"twitter:label1\" content=\"Escrito por\" \/>\n\t<meta name=\"twitter:data1\" content=\"admin\" \/>\n\t<meta name=\"twitter:label2\" content=\"Tempo estimado de leitura\" \/>\n\t<meta name=\"twitter:data2\" content=\"4 minutos\" \/>\n<script type=\"application\/ld+json\" class=\"yoast-schema-graph\">{\"@context\":\"https:\\\/\\\/schema.org\",\"@graph\":[{\"@type\":\"Article\",\"@id\":\"https:\\\/\\\/jansen.es\\\/pt-pt\\\/janelas-de-aco-design-e-estetica\\\/#article\",\"isPartOf\":{\"@id\":\"https:\\\/\\\/jansen.es\\\/pt-pt\\\/janelas-de-aco-design-e-estetica\\\/\"},\"author\":{\"name\":\"admin\",\"@id\":\"https:\\\/\\\/jansen.es\\\/#\\\/schema\\\/person\\\/22f9352b44d35522acfcc35889f157cf\"},\"headline\":\"Janelas de a\u00e7o, design e est\u00e9tica\",\"datePublished\":\"2021-11-30T15:08:12+00:00\",\"dateModified\":\"2021-11-30T15:08:16+00:00\",\"mainEntityOfPage\":{\"@id\":\"https:\\\/\\\/jansen.es\\\/pt-pt\\\/janelas-de-aco-design-e-estetica\\\/\"},\"wordCount\":835,\"publisher\":{\"@id\":\"https:\\\/\\\/jansen.es\\\/#organization\"},\"image\":{\"@id\":\"https:\\\/\\\/jansen.es\\\/pt-pt\\\/janelas-de-aco-design-e-estetica\\\/#primaryimage\"},\"thumbnailUrl\":\"https:\\\/\\\/jansen.es\\\/wp-content\\\/uploads\\\/2021\\\/11\\\/ventanas-de-acero-scaled-1.jpg\",\"articleSection\":[\"Not\u00edcias\"],\"inLanguage\":\"pt-PT\"},{\"@type\":[\"WebPage\",\"ItemPage\"],\"@id\":\"https:\\\/\\\/jansen.es\\\/pt-pt\\\/janelas-de-aco-design-e-estetica\\\/\",\"url\":\"https:\\\/\\\/jansen.es\\\/pt-pt\\\/janelas-de-aco-design-e-estetica\\\/\",\"name\":\"Janelas de a\u00e7o, design e est\u00e9tica - Jansen\",\"isPartOf\":{\"@id\":\"https:\\\/\\\/jansen.es\\\/#website\"},\"primaryImageOfPage\":{\"@id\":\"https:\\\/\\\/jansen.es\\\/pt-pt\\\/janelas-de-aco-design-e-estetica\\\/#primaryimage\"},\"image\":{\"@id\":\"https:\\\/\\\/jansen.es\\\/pt-pt\\\/janelas-de-aco-design-e-estetica\\\/#primaryimage\"},\"thumbnailUrl\":\"https:\\\/\\\/jansen.es\\\/wp-content\\\/uploads\\\/2021\\\/11\\\/ventanas-de-acero-scaled-1.jpg\",\"datePublished\":\"2021-11-30T15:08:12+00:00\",\"dateModified\":\"2021-11-30T15:08:16+00:00\",\"breadcrumb\":{\"@id\":\"https:\\\/\\\/jansen.es\\\/pt-pt\\\/janelas-de-aco-design-e-estetica\\\/#breadcrumb\"},\"inLanguage\":\"pt-PT\",\"potentialAction\":[{\"@type\":\"ReadAction\",\"target\":[\"https:\\\/\\\/jansen.es\\\/pt-pt\\\/janelas-de-aco-design-e-estetica\\\/\"]}]},{\"@type\":\"ImageObject\",\"inLanguage\":\"pt-PT\",\"@id\":\"https:\\\/\\\/jansen.es\\\/pt-pt\\\/janelas-de-aco-design-e-estetica\\\/#primaryimage\",\"url\":\"https:\\\/\\\/jansen.es\\\/wp-content\\\/uploads\\\/2021\\\/11\\\/ventanas-de-acero-scaled-1.jpg\",\"contentUrl\":\"https:\\\/\\\/jansen.es\\\/wp-content\\\/uploads\\\/2021\\\/11\\\/ventanas-de-acero-scaled-1.jpg\",\"width\":1707,\"height\":2560,\"caption\":\"Ventanas de acero\"},{\"@type\":\"BreadcrumbList\",\"@id\":\"https:\\\/\\\/jansen.es\\\/pt-pt\\\/janelas-de-aco-design-e-estetica\\\/#breadcrumb\",\"itemListElement\":[{\"@type\":\"ListItem\",\"position\":1,\"name\":\"Inicio\",\"item\":\"https:\\\/\\\/jansen.es\\\/pt-pt\\\/\"},{\"@type\":\"ListItem\",\"position\":2,\"name\":\"Janelas de a\u00e7o, design e est\u00e9tica\"}]},{\"@type\":\"WebSite\",\"@id\":\"https:\\\/\\\/jansen.es\\\/#website\",\"url\":\"https:\\\/\\\/jansen.es\\\/\",\"name\":\"Jansen\",\"description\":\"Empresa l\u00edder en la fabricaci\u00f3n de perfiles de acero para puertas y ventanas\",\"publisher\":{\"@id\":\"https:\\\/\\\/jansen.es\\\/#organization\"},\"alternateName\":\"Jansen\",\"potentialAction\":[{\"@type\":\"SearchAction\",\"target\":{\"@type\":\"EntryPoint\",\"urlTemplate\":\"https:\\\/\\\/jansen.es\\\/?s={search_term_string}\"},\"query-input\":{\"@type\":\"PropertyValueSpecification\",\"valueRequired\":true,\"valueName\":\"search_term_string\"}}],\"inLanguage\":\"pt-PT\"},{\"@type\":\"Organization\",\"@id\":\"https:\\\/\\\/jansen.es\\\/#organization\",\"name\":\"Jansen\",\"alternateName\":\"Jansen\",\"url\":\"https:\\\/\\\/jansen.es\\\/\",\"logo\":{\"@type\":\"ImageObject\",\"inLanguage\":\"pt-PT\",\"@id\":\"https:\\\/\\\/jansen.es\\\/#\\\/schema\\\/logo\\\/image\\\/\",\"url\":\"https:\\\/\\\/jansen.es\\\/wp-content\\\/uploads\\\/2022\\\/04\\\/favicon_jansen.png\",\"contentUrl\":\"https:\\\/\\\/jansen.es\\\/wp-content\\\/uploads\\\/2022\\\/04\\\/favicon_jansen.png\",\"width\":238,\"height\":230,\"caption\":\"Jansen\"},\"image\":{\"@id\":\"https:\\\/\\\/jansen.es\\\/#\\\/schema\\\/logo\\\/image\\\/\"},\"sameAs\":[\"https:\\\/\\\/www.instagram.com\\\/janseniberia\\\/\",\"https:\\\/\\\/www.pinterest.es\\\/janseniberia\\\/_created\\\/\",\"https:\\\/\\\/www.linkedin.com\\\/company\\\/metalco-arquitectura-en-acero-s.l.\\\/\"]},{\"@type\":\"Person\",\"@id\":\"https:\\\/\\\/jansen.es\\\/#\\\/schema\\\/person\\\/22f9352b44d35522acfcc35889f157cf\",\"name\":\"admin\",\"sameAs\":[\"https:\\\/\\\/jansen.es\"]}]}<\/script>\n<!-- \/ Yoast SEO plugin. -->","yoast_head_json":{"title":"Janelas de a\u00e7o, design e est\u00e9tica - Jansen","robots":{"index":"index","follow":"follow","max-snippet":"max-snippet:-1","max-image-preview":"max-image-preview:large","max-video-preview":"max-video-preview:-1"},"canonical":"https:\/\/jansen.es\/pt-pt\/janelas-de-aco-design-e-estetica\/","og_locale":"pt_PT","og_type":"article","og_title":"Janelas de a\u00e7o, design e est\u00e9tica - Jansen","og_description":"N\u00e3o s\u00f3 janelas de a\u00e7o! Atualmente uma marca como a Jansen, especialista em sistemas de carpintaria de a\u00e7o tem no seu extenso cat\u00e1logo com janelas de a\u00e7o, como portas de a\u00e7o, paredes de cortina de a\u00e7o, claraboias de a\u00e7o e com propostas para qualquer elemento de fachada ou carpintaria de a\u00e7o.","og_site_name":"Jansen","article_published_time":"2021-11-30T15:08:12+00:00","article_modified_time":"2021-11-30T15:08:16+00:00","og_image":[{"width":1707,"height":2560,"url":"https:\/\/jansen.es\/wp-content\/uploads\/2021\/11\/ventanas-de-acero-scaled-1.jpg","type":"image\/jpeg"}],"author":"admin","twitter_card":"summary_large_image","twitter_misc":{"Escrito por":"admin","Tempo estimado de leitura":"4 minutos"},"schema":{"@context":"https:\/\/schema.org","@graph":[{"@type":"Article","@id":"https:\/\/jansen.es\/pt-pt\/janelas-de-aco-design-e-estetica\/#article","isPartOf":{"@id":"https:\/\/jansen.es\/pt-pt\/janelas-de-aco-design-e-estetica\/"},"author":{"name":"admin","@id":"https:\/\/jansen.es\/#\/schema\/person\/22f9352b44d35522acfcc35889f157cf"},"headline":"Janelas de a\u00e7o, design e est\u00e9tica","datePublished":"2021-11-30T15:08:12+00:00","dateModified":"2021-11-30T15:08:16+00:00","mainEntityOfPage":{"@id":"https:\/\/jansen.es\/pt-pt\/janelas-de-aco-design-e-estetica\/"},"wordCount":835,"publisher":{"@id":"https:\/\/jansen.es\/#organization"},"image":{"@id":"https:\/\/jansen.es\/pt-pt\/janelas-de-aco-design-e-estetica\/#primaryimage"},"thumbnailUrl":"https:\/\/jansen.es\/wp-content\/uploads\/2021\/11\/ventanas-de-acero-scaled-1.jpg","articleSection":["Not\u00edcias"],"inLanguage":"pt-PT"},{"@type":["WebPage","ItemPage"],"@id":"https:\/\/jansen.es\/pt-pt\/janelas-de-aco-design-e-estetica\/","url":"https:\/\/jansen.es\/pt-pt\/janelas-de-aco-design-e-estetica\/","name":"Janelas de a\u00e7o, design e est\u00e9tica - Jansen","isPartOf":{"@id":"https:\/\/jansen.es\/#website"},"primaryImageOfPage":{"@id":"https:\/\/jansen.es\/pt-pt\/janelas-de-aco-design-e-estetica\/#primaryimage"},"image":{"@id":"https:\/\/jansen.es\/pt-pt\/janelas-de-aco-design-e-estetica\/#primaryimage"},"thumbnailUrl":"https:\/\/jansen.es\/wp-content\/uploads\/2021\/11\/ventanas-de-acero-scaled-1.jpg","datePublished":"2021-11-30T15:08:12+00:00","dateModified":"2021-11-30T15:08:16+00:00","breadcrumb":{"@id":"https:\/\/jansen.es\/pt-pt\/janelas-de-aco-design-e-estetica\/#breadcrumb"},"inLanguage":"pt-PT","potentialAction":[{"@type":"ReadAction","target":["https:\/\/jansen.es\/pt-pt\/janelas-de-aco-design-e-estetica\/"]}]},{"@type":"ImageObject","inLanguage":"pt-PT","@id":"https:\/\/jansen.es\/pt-pt\/janelas-de-aco-design-e-estetica\/#primaryimage","url":"https:\/\/jansen.es\/wp-content\/uploads\/2021\/11\/ventanas-de-acero-scaled-1.jpg","contentUrl":"https:\/\/jansen.es\/wp-content\/uploads\/2021\/11\/ventanas-de-acero-scaled-1.jpg","width":1707,"height":2560,"caption":"Ventanas de acero"},{"@type":"BreadcrumbList","@id":"https:\/\/jansen.es\/pt-pt\/janelas-de-aco-design-e-estetica\/#breadcrumb","itemListElement":[{"@type":"ListItem","position":1,"name":"Inicio","item":"https:\/\/jansen.es\/pt-pt\/"},{"@type":"ListItem","position":2,"name":"Janelas de a\u00e7o, design e est\u00e9tica"}]},{"@type":"WebSite","@id":"https:\/\/jansen.es\/#website","url":"https:\/\/jansen.es\/","name":"Jansen","description":"Empresa l\u00edder en la fabricaci\u00f3n de perfiles de acero para puertas y ventanas","publisher":{"@id":"https:\/\/jansen.es\/#organization"},"alternateName":"Jansen","potentialAction":[{"@type":"SearchAction","target":{"@type":"EntryPoint","urlTemplate":"https:\/\/jansen.es\/?s={search_term_string}"},"query-input":{"@type":"PropertyValueSpecification","valueRequired":true,"valueName":"search_term_string"}}],"inLanguage":"pt-PT"},{"@type":"Organization","@id":"https:\/\/jansen.es\/#organization","name":"Jansen","alternateName":"Jansen","url":"https:\/\/jansen.es\/","logo":{"@type":"ImageObject","inLanguage":"pt-PT","@id":"https:\/\/jansen.es\/#\/schema\/logo\/image\/","url":"https:\/\/jansen.es\/wp-content\/uploads\/2022\/04\/favicon_jansen.png","contentUrl":"https:\/\/jansen.es\/wp-content\/uploads\/2022\/04\/favicon_jansen.png","width":238,"height":230,"caption":"Jansen"},"image":{"@id":"https:\/\/jansen.es\/#\/schema\/logo\/image\/"},"sameAs":["https:\/\/www.instagram.com\/janseniberia\/","https:\/\/www.pinterest.es\/janseniberia\/_created\/","https:\/\/www.linkedin.com\/company\/metalco-arquitectura-en-acero-s.l.\/"]},{"@type":"Person","@id":"https:\/\/jansen.es\/#\/schema\/person\/22f9352b44d35522acfcc35889f157cf","name":"admin","sameAs":["https:\/\/jansen.es"]}]}},"_links":{"self":[{"href":"https:\/\/jansen.es\/pt-pt\/wp-json\/wp\/v2\/posts\/1525","targetHints":{"allow":["GET"]}}],"collection":[{"href":"https:\/\/jansen.es\/pt-pt\/wp-json\/wp\/v2\/posts"}],"about":[{"href":"https:\/\/jansen.es\/pt-pt\/wp-json\/wp\/v2\/types\/post"}],"author":[{"embeddable":true,"href":"https:\/\/jansen.es\/pt-pt\/wp-json\/wp\/v2\/users\/1"}],"replies":[{"embeddable":true,"href":"https:\/\/jansen.es\/pt-pt\/wp-json\/wp\/v2\/comments?post=1525"}],"version-history":[{"count":0,"href":"https:\/\/jansen.es\/pt-pt\/wp-json\/wp\/v2\/posts\/1525\/revisions"}],"wp:featuredmedia":[{"embeddable":true,"href":"https:\/\/jansen.es\/pt-pt\/wp-json\/wp\/v2\/media\/1394"}],"wp:attachment":[{"href":"https:\/\/jansen.es\/pt-pt\/wp-json\/wp\/v2\/media?parent=1525"}],"wp:term":[{"taxonomy":"category","embeddable":true,"href":"https:\/\/jansen.es\/pt-pt\/wp-json\/wp\/v2\/categories?post=1525"},{"taxonomy":"post_tag","embeddable":true,"href":"https:\/\/jansen.es\/pt-pt\/wp-json\/wp\/v2\/tags?post=1525"}],"curies":[{"name":"wp","href":"https:\/\/api.w.org\/{rel}","templated":true}]}}