{"id":1527,"date":"2021-11-30T15:08:13","date_gmt":"2021-11-30T15:08:13","guid":{"rendered":"https:\/\/jansen.es\/reabilitacao-de-edificio-iconico-da-cidade-de-lisboa-edf-dia-das-noticias\/"},"modified":"2022-08-31T10:00:46","modified_gmt":"2022-08-31T08:00:46","slug":"reabilitacao-de-edificio-iconico-da-cidade-de-lisboa-edf-dia-das-noticias","status":"publish","type":"post","link":"https:\/\/jansen.es\/pt-pt\/reabilitacao-de-edificio-iconico-da-cidade-de-lisboa-edf-dia-das-noticias\/","title":{"rendered":"REABILITA\u00c7\u00c3O DE EDIF\u00cdCIO IC\u00d3NICO DA CIDADE DE LISBOA, EDF. DIA DAS NOT\u00cdCIAS"},"content":{"rendered":"\r\n<h1 class=\"wp-block-heading\"><strong>REABILITA\u00c7\u00c3O DE EDIF\u00cdCIO IC\u00d3NICO DA CIDADE DE LISBOA, EDF. DIA DAS NOT\u00cdCIAS<\/strong><\/h1>\r\n\r\n<p><span style=\"font-weight: 400;\">Participa\u00e7\u00e3o da<\/span> <b>Jansen<\/b><span style=\"font-weight: 400;\"> na reabilita\u00e7\u00e3o de um dos mais emblem\u00e1ticos edif\u00edcios de Lisboa, deveu-se ao fato das carater\u00edsticas e elevada qualidade dos sistemas de caixilharia, de um encontro \u00e0s necessidades do projeto. Tratou-se de um desafio importante e apaixonante pois foi necess\u00e1rio replicar todos os envidra\u00e7ados das fachadas existentes, acrescentando-as caracter\u00edsticas t\u00e9cnicas exigidas num edif\u00edcio moderno, no que ao comportamento t\u00e9rmica e ac\u00fastico diz respeito, sem esquecer a funcionalidade. Tudo como janelas e portas existentes, foram compostas por perfis de a\u00e7o e vidro sem isolamento t\u00e9rmica, sendo substitu\u00eddas por novas caixilharias que cumprem com os mais exigentes requisitos (EN 1077-1) e ac\u00fasticos (EN 140-3) da atualidade.<\/span><\/p>\r\n<p><span style=\"font-weight: 400;\">Estamos plenamente convencidos de que, como caixilharias de a\u00e7o s\u00e3o a melhor solu\u00e7\u00e3o para este tipo de projeto. <\/span><\/p>\r\n<p><span style=\"font-weight: 400;\">O fato de ser poss\u00edvel aumentar a superf\u00edcie envidra\u00e7ada de um caixilho simplesmente por ser composto por perfis de a\u00e7o, e, por conseguinte, de menos de perfil quando comparado com outro material, aliado \u00e0 flex\u00edvel e durabilidade, coloca o a\u00e7o, na nossa opini\u00e3o, como o material ideal para o fabrico de sistemas de caixilharia. <\/span><\/p>\r\n<p><span style=\"font-weight: 400;\">De acordo com a organiza\u00e7\u00e3o Europeia da Aprova\u00e7\u00e3o T\u00e9cnica a vida \u00fatil esperada para um sistema \u00e9 de 25 anos, sendo que a durabilidade do a\u00e7o \u00e9 de cerca de 100 anos.<\/span><\/p>\r\n<p><span style=\"font-weight: 400;\">Al\u00e9m do j\u00e1 referido, a utiliza\u00e7\u00e3o do a\u00e7o representa uma excelente escolha para o meio ambiente pois \u00e9 um material recicl\u00e1vel at\u00e9 93%, colocando-o, na an\u00e1lise do ciclo de vida de um edif\u00edcio, como o material mais sustent\u00e1vel.<\/span><\/p>\r\n<p><span style=\"font-weight: 400;\">Neste projeto foram utilizadas v\u00e1rias gamas dos sistemas<\/span> <b>Jansen<\/b><span style=\"font-weight: 400;\">. O sistema minimalista com rotura de ponte t\u00e9rmica em a\u00e7o inox polido, <\/span><a href=\"https:\/\/www.jansen.es\/project\/janisol-arte\/\" target=\"_blank\" rel=\"noopener\"><i><span style=\"font-weight: 400;\">Janisol Art2.0<\/span><\/i><\/a><span style=\"font-weight: 400;\">, est\u00e1 presente nas janelas em guilhotina e nas janelas de batente da fachada principal (Avenida da Liberdade). Este sistema foi tamb\u00e9m utilizado em a\u00e7o lacado, nas janelas de batente da fachada tardoz. Ao ser composto por perfis de a\u00e7o muito esbeltos permitiu replicar com a m\u00e1xima exatid\u00e3o como caixilharias originais, sem esquecer a sua quadricula inconfund\u00edvel.<\/span><\/p>\r\n<p><span style=\"font-weight: 400;\">Outro dos sistemas com rotura de ponte t\u00e9rmica utilizado neste projeto, foi o<\/span> <a href=\"https:\/\/www.jansen.es\/project\/janisol-puerta\/\" target=\"_blank\" rel=\"noopener\"> <i> <span style=\"font-weight: 400;\">Janisol (porta)<\/span><\/i><\/a><\/p>\r\n<p>&nbsp;<\/p>\r\n<p><span style=\"font-weight: 400;\">em a\u00e7o inox com acabamento polido, espelho no piso 0 da fachada principal. Este sistema foi utilizado para um porta exterior principal, pois permite portas com elevado grau de seguran\u00e7a. Est\u00e1 certificado para uma classe de resist\u00eancia anti arrombamento at\u00e9 RC3 (DIN V ENV 1627). <\/span><\/p>\r\n<p><span style=\"font-weight: 400;\">Tamb\u00e9m foram instaladas portas de acesso ao terra\u00e7o com o sistema de &#8220;acorde\u00e3o&#8221;, utilizando o sistema<\/span> <a href=\"https:\/\/www.jansen.es\/project\/janisol-faltwand-plegables\/\" target=\"_blank\" rel=\"noopener\"><span style=\"font-weight: 400;\">Janisol Faltwand,<\/span><\/a><\/p>\r\n<p><span style=\"font-weight: 400;\"> <span style=\"font-weight: 400;\">oferecendo \u00e0 utilizr a possibilidade de ter uma maior largura \u00fatil de \u00fatil, totalmente sem barreiras.<\/span><\/span><\/p>\r\n<p><span style=\"font-weight: 400;\">Esta solu\u00e7\u00e3o permite a separa\u00e7\u00e3o de espa\u00e7os e instala\u00e7\u00e3o em v\u00e3os exteriores, proporcionando uma grande versatilidade pois \u00e9 poss\u00edvel ter at\u00e9 portas uma altura de 3,0m, um n\u00famero ilimitado de folhas e como ferragens\/acess\u00f3rios garantem m\u00e1xima e um comando suave e silencioso. <\/span><\/p>\r\n<p><span style=\"font-weight: 400;\">  Na fachada foi aplicado o sistema de muro cortina<\/span> <a href=\"https:\/\/www.jansen.es\/project\/viss-fachadas\/\" target=\"_blank\" rel=\"noopener\"> <i> <span style=\"font-weight: 400;\">VISS<\/span><\/i><\/a><\/p>\r\n<p>&nbsp;<\/p>\r\n<p><span style=\"font-weight: 400;\">, nos envidra\u00e7ados de grandes dimens\u00f5es que dar\u00e3o destaque \u00e0s lojas do piso 0. O sistema VISS composto \u00e9 por montantes e travessas em a\u00e7o, sendo como capas exteriores em a\u00e7o inox foi dado o cabamento polido espelho por forma a manter o aspeto destes iniciais envidra\u00e7ados.<\/span><\/p>\r\n<p><span style=\"font-weight: 400;\">No que toca a sistemas com classifica\u00e7\u00e3o de resist\u00eancia ao fogo, foi tamb\u00e9m aplicado no interior do sistema<\/span> <a href=\"https:\/\/www.jansen.es\/project\/janisol-2-ei30\/\" target=\"_blank\" rel=\"noopener\"><i><span style=\"font-weight: 400;\">Janisol2 (Ei30)<\/span><\/i><\/a><\/p>\r\n<p>&nbsp;<\/p>\r\n<p><span style=\"font-weight: 400;\">(EN 1634-1 e EN 15301-2), garantindo a prote\u00e7\u00e3o das<\/span> <span style=\"font-weight: 400;\">pessoas e bens contra os inc\u00eandios.<\/span><\/p>\r\n<p><span style=\"font-weight: 400;\">O a\u00e7o \u00e9 a nossa inspira\u00e7\u00e3o, permite estruturas est\u00e1veis e resistencias sem limites, dando asas \u00e0 imagina\u00e7\u00e3o. <\/span><\/p>\r\n<p><span style=\"font-weight: 400;\">Pode ser usado apenas na arquitetura moderna como na reabilita\u00e7\u00e3o, oferecendo solu\u00e7\u00f5es personalizadas em a\u00e7o zincado, inox e corten, com uma grande diversidade de superficies e acabamentos.<\/span><\/p>\r\n<p><span style=\"font-weight: 400;\">N\u00e3o podemos deixar de agradecer a confian\u00e7a demonstrada nos sistemas de a\u00e7o<\/span> <b>Jansen<\/b> pela equipa <span style=\"font-weight: 400;\">de projetistas do <\/span>Contacto Atl\u00e2ntico \u2013 <b><i>Arquitetos<\/i><\/b><\/p>\r\n<p><span style=\"font-weight: 400;\">e <\/span>AVENIDA <b><i>Real Para<\/i><\/b><\/p>\r\n<p>o realiza\u00e7\u00e3o deste projeto que no enche de orgulho e confian\u00e7a para abra\u00e7ar<span style=\"font-weight: 400;\"> novos desafios no futuro.<\/span><\/p>\r\n\r\n<div class=\"wp-block-group is-layout-flow wp-block-group-is-layout-flow\">\r\n<div class=\"wp-block-group__inner-container\">\u00a0<\/div>\r\n<\/div>\r\n\r\n\r\n\r\n<p>&nbsp;<\/p>\r\n","protected":false},"excerpt":{"rendered":"<p>Participa\u00e7\u00e3o da Jansen na reabilita\u00e7\u00e3o de um dos mais emblem\u00e1ticos edif\u00edcios de Lisboa, deveu-se ao fato das carater\u00edsticas e elevada qualidade dos sistemas de caixilharia, que vai de encontro \u00e0s necessidades do projeto.<\/p>\n","protected":false},"author":1,"featured_media":1393,"comment_status":"closed","ping_status":"closed","sticky":false,"template":"","format":"standard","meta":{"_et_pb_use_builder":"","_et_pb_old_content":"","_et_gb_content_width":"","footnotes":""},"categories":[27],"tags":[],"class_list":["post-1527","post","type-post","status-publish","format-standard","has-post-thumbnail","hentry","category-noticias-pt-pt"],"acf":[],"yoast_head":"<!-- This site is optimized with the Yoast SEO plugin v27.5 - https:\/\/yoast.com\/product\/yoast-seo-wordpress\/ -->\n<title>Reabilita\u00e7ao de Edif\u00edcio Ic\u00f3nico da Lisboa | Jansen<\/title>\n<meta name=\"robots\" content=\"index, follow, max-snippet:-1, max-image-preview:large, max-video-preview:-1\" \/>\n<link rel=\"canonical\" href=\"https:\/\/jansen.es\/pt-pt\/reabilitacao-de-edificio-iconico-da-cidade-de-lisboa-edf-dia-das-noticias\/\" \/>\n<meta property=\"og:locale\" content=\"pt_PT\" \/>\n<meta property=\"og:type\" content=\"article\" \/>\n<meta property=\"og:title\" content=\"Reabilita\u00e7ao de Edif\u00edcio Ic\u00f3nico da Lisboa | Jansen\" \/>\n<meta property=\"og:description\" content=\"Participa\u00e7\u00e3o da Jansen na reabilita\u00e7\u00e3o de um dos mais emblem\u00e1ticos edif\u00edcios de Lisboa, deveu-se ao fato das carater\u00edsticas e elevada qualidade dos sistemas de caixilharia, que vai de encontro \u00e0s necessidades do projeto.\" \/>\n<meta property=\"og:site_name\" content=\"Jansen\" \/>\n<meta property=\"article:published_time\" content=\"2021-11-30T15:08:13+00:00\" \/>\n<meta property=\"article:modified_time\" content=\"2022-08-31T08:00:46+00:00\" \/>\n<meta property=\"og:image\" content=\"https:\/\/jansen.es\/wp-content\/uploads\/2021\/11\/Diario-de-Noticias-4.jpg\" \/>\n\t<meta property=\"og:image:width\" content=\"1067\" \/>\n\t<meta property=\"og:image:height\" content=\"1600\" \/>\n\t<meta property=\"og:image:type\" content=\"image\/jpeg\" \/>\n<meta name=\"author\" content=\"admin\" \/>\n<meta name=\"twitter:card\" content=\"summary_large_image\" \/>\n<meta name=\"twitter:label1\" content=\"Escrito por\" \/>\n\t<meta name=\"twitter:data1\" content=\"admin\" \/>\n\t<meta name=\"twitter:label2\" content=\"Tempo estimado de leitura\" \/>\n\t<meta name=\"twitter:data2\" content=\"4 minutos\" \/>\n<script type=\"application\/ld+json\" class=\"yoast-schema-graph\">{\"@context\":\"https:\\\/\\\/schema.org\",\"@graph\":[{\"@type\":\"Article\",\"@id\":\"https:\\\/\\\/jansen.es\\\/pt-pt\\\/reabilitacao-de-edificio-iconico-da-cidade-de-lisboa-edf-dia-das-noticias\\\/#article\",\"isPartOf\":{\"@id\":\"https:\\\/\\\/jansen.es\\\/pt-pt\\\/reabilitacao-de-edificio-iconico-da-cidade-de-lisboa-edf-dia-das-noticias\\\/\"},\"author\":{\"name\":\"admin\",\"@id\":\"https:\\\/\\\/jansen.es\\\/#\\\/schema\\\/person\\\/22f9352b44d35522acfcc35889f157cf\"},\"headline\":\"REABILITA\u00c7\u00c3O DE EDIF\u00cdCIO IC\u00d3NICO DA CIDADE DE LISBOA, EDF. DIA DAS NOT\u00cdCIAS\",\"datePublished\":\"2021-11-30T15:08:13+00:00\",\"dateModified\":\"2022-08-31T08:00:46+00:00\",\"mainEntityOfPage\":{\"@id\":\"https:\\\/\\\/jansen.es\\\/pt-pt\\\/reabilitacao-de-edificio-iconico-da-cidade-de-lisboa-edf-dia-das-noticias\\\/\"},\"wordCount\":749,\"publisher\":{\"@id\":\"https:\\\/\\\/jansen.es\\\/#organization\"},\"image\":{\"@id\":\"https:\\\/\\\/jansen.es\\\/pt-pt\\\/reabilitacao-de-edificio-iconico-da-cidade-de-lisboa-edf-dia-das-noticias\\\/#primaryimage\"},\"thumbnailUrl\":\"https:\\\/\\\/jansen.es\\\/wp-content\\\/uploads\\\/2021\\\/11\\\/Diario-de-Noticias-4.jpg\",\"articleSection\":[\"Not\u00edcias\"],\"inLanguage\":\"pt-PT\"},{\"@type\":[\"WebPage\",\"ItemPage\"],\"@id\":\"https:\\\/\\\/jansen.es\\\/pt-pt\\\/reabilitacao-de-edificio-iconico-da-cidade-de-lisboa-edf-dia-das-noticias\\\/\",\"url\":\"https:\\\/\\\/jansen.es\\\/pt-pt\\\/reabilitacao-de-edificio-iconico-da-cidade-de-lisboa-edf-dia-das-noticias\\\/\",\"name\":\"Reabilita\u00e7ao de Edif\u00edcio Ic\u00f3nico da Lisboa | Jansen\",\"isPartOf\":{\"@id\":\"https:\\\/\\\/jansen.es\\\/#website\"},\"primaryImageOfPage\":{\"@id\":\"https:\\\/\\\/jansen.es\\\/pt-pt\\\/reabilitacao-de-edificio-iconico-da-cidade-de-lisboa-edf-dia-das-noticias\\\/#primaryimage\"},\"image\":{\"@id\":\"https:\\\/\\\/jansen.es\\\/pt-pt\\\/reabilitacao-de-edificio-iconico-da-cidade-de-lisboa-edf-dia-das-noticias\\\/#primaryimage\"},\"thumbnailUrl\":\"https:\\\/\\\/jansen.es\\\/wp-content\\\/uploads\\\/2021\\\/11\\\/Diario-de-Noticias-4.jpg\",\"datePublished\":\"2021-11-30T15:08:13+00:00\",\"dateModified\":\"2022-08-31T08:00:46+00:00\",\"breadcrumb\":{\"@id\":\"https:\\\/\\\/jansen.es\\\/pt-pt\\\/reabilitacao-de-edificio-iconico-da-cidade-de-lisboa-edf-dia-das-noticias\\\/#breadcrumb\"},\"inLanguage\":\"pt-PT\",\"potentialAction\":[{\"@type\":\"ReadAction\",\"target\":[\"https:\\\/\\\/jansen.es\\\/pt-pt\\\/reabilitacao-de-edificio-iconico-da-cidade-de-lisboa-edf-dia-das-noticias\\\/\"]}]},{\"@type\":\"ImageObject\",\"inLanguage\":\"pt-PT\",\"@id\":\"https:\\\/\\\/jansen.es\\\/pt-pt\\\/reabilitacao-de-edificio-iconico-da-cidade-de-lisboa-edf-dia-das-noticias\\\/#primaryimage\",\"url\":\"https:\\\/\\\/jansen.es\\\/wp-content\\\/uploads\\\/2021\\\/11\\\/Diario-de-Noticias-4.jpg\",\"contentUrl\":\"https:\\\/\\\/jansen.es\\\/wp-content\\\/uploads\\\/2021\\\/11\\\/Diario-de-Noticias-4.jpg\",\"width\":1067,\"height\":1600,\"caption\":\"REABILITA\u00c7\u00c3O DE EDIF\u00cdCIO IC\u00d3NICO DA CIDADE DE LISBOA\"},{\"@type\":\"BreadcrumbList\",\"@id\":\"https:\\\/\\\/jansen.es\\\/pt-pt\\\/reabilitacao-de-edificio-iconico-da-cidade-de-lisboa-edf-dia-das-noticias\\\/#breadcrumb\",\"itemListElement\":[{\"@type\":\"ListItem\",\"position\":1,\"name\":\"Inicio\",\"item\":\"https:\\\/\\\/jansen.es\\\/pt-pt\\\/\"},{\"@type\":\"ListItem\",\"position\":2,\"name\":\"REABILITA\u00c7\u00c3O DE EDIF\u00cdCIO IC\u00d3NICO DA CIDADE DE LISBOA, EDF. DIA DAS NOT\u00cdCIAS\"}]},{\"@type\":\"WebSite\",\"@id\":\"https:\\\/\\\/jansen.es\\\/#website\",\"url\":\"https:\\\/\\\/jansen.es\\\/\",\"name\":\"Jansen\",\"description\":\"Empresa l\u00edder en la fabricaci\u00f3n de perfiles de acero para puertas y ventanas\",\"publisher\":{\"@id\":\"https:\\\/\\\/jansen.es\\\/#organization\"},\"alternateName\":\"Jansen\",\"potentialAction\":[{\"@type\":\"SearchAction\",\"target\":{\"@type\":\"EntryPoint\",\"urlTemplate\":\"https:\\\/\\\/jansen.es\\\/?s={search_term_string}\"},\"query-input\":{\"@type\":\"PropertyValueSpecification\",\"valueRequired\":true,\"valueName\":\"search_term_string\"}}],\"inLanguage\":\"pt-PT\"},{\"@type\":\"Organization\",\"@id\":\"https:\\\/\\\/jansen.es\\\/#organization\",\"name\":\"Jansen\",\"alternateName\":\"Jansen\",\"url\":\"https:\\\/\\\/jansen.es\\\/\",\"logo\":{\"@type\":\"ImageObject\",\"inLanguage\":\"pt-PT\",\"@id\":\"https:\\\/\\\/jansen.es\\\/#\\\/schema\\\/logo\\\/image\\\/\",\"url\":\"https:\\\/\\\/jansen.es\\\/wp-content\\\/uploads\\\/2022\\\/04\\\/favicon_jansen.png\",\"contentUrl\":\"https:\\\/\\\/jansen.es\\\/wp-content\\\/uploads\\\/2022\\\/04\\\/favicon_jansen.png\",\"width\":238,\"height\":230,\"caption\":\"Jansen\"},\"image\":{\"@id\":\"https:\\\/\\\/jansen.es\\\/#\\\/schema\\\/logo\\\/image\\\/\"},\"sameAs\":[\"https:\\\/\\\/www.instagram.com\\\/janseniberia\\\/\",\"https:\\\/\\\/www.pinterest.es\\\/janseniberia\\\/_created\\\/\",\"https:\\\/\\\/www.linkedin.com\\\/company\\\/metalco-arquitectura-en-acero-s.l.\\\/\"]},{\"@type\":\"Person\",\"@id\":\"https:\\\/\\\/jansen.es\\\/#\\\/schema\\\/person\\\/22f9352b44d35522acfcc35889f157cf\",\"name\":\"admin\",\"sameAs\":[\"https:\\\/\\\/jansen.es\"]}]}<\/script>\n<!-- \/ Yoast SEO plugin. -->","yoast_head_json":{"title":"Reabilita\u00e7ao de Edif\u00edcio Ic\u00f3nico da Lisboa | Jansen","robots":{"index":"index","follow":"follow","max-snippet":"max-snippet:-1","max-image-preview":"max-image-preview:large","max-video-preview":"max-video-preview:-1"},"canonical":"https:\/\/jansen.es\/pt-pt\/reabilitacao-de-edificio-iconico-da-cidade-de-lisboa-edf-dia-das-noticias\/","og_locale":"pt_PT","og_type":"article","og_title":"Reabilita\u00e7ao de Edif\u00edcio Ic\u00f3nico da Lisboa | Jansen","og_description":"Participa\u00e7\u00e3o da Jansen na reabilita\u00e7\u00e3o de um dos mais emblem\u00e1ticos edif\u00edcios de Lisboa, deveu-se ao fato das carater\u00edsticas e elevada qualidade dos sistemas de caixilharia, que vai de encontro \u00e0s necessidades do projeto.","og_site_name":"Jansen","article_published_time":"2021-11-30T15:08:13+00:00","article_modified_time":"2022-08-31T08:00:46+00:00","og_image":[{"width":1067,"height":1600,"url":"https:\/\/jansen.es\/wp-content\/uploads\/2021\/11\/Diario-de-Noticias-4.jpg","type":"image\/jpeg"}],"author":"admin","twitter_card":"summary_large_image","twitter_misc":{"Escrito por":"admin","Tempo estimado de leitura":"4 minutos"},"schema":{"@context":"https:\/\/schema.org","@graph":[{"@type":"Article","@id":"https:\/\/jansen.es\/pt-pt\/reabilitacao-de-edificio-iconico-da-cidade-de-lisboa-edf-dia-das-noticias\/#article","isPartOf":{"@id":"https:\/\/jansen.es\/pt-pt\/reabilitacao-de-edificio-iconico-da-cidade-de-lisboa-edf-dia-das-noticias\/"},"author":{"name":"admin","@id":"https:\/\/jansen.es\/#\/schema\/person\/22f9352b44d35522acfcc35889f157cf"},"headline":"REABILITA\u00c7\u00c3O DE EDIF\u00cdCIO IC\u00d3NICO DA CIDADE DE LISBOA, EDF. DIA DAS NOT\u00cdCIAS","datePublished":"2021-11-30T15:08:13+00:00","dateModified":"2022-08-31T08:00:46+00:00","mainEntityOfPage":{"@id":"https:\/\/jansen.es\/pt-pt\/reabilitacao-de-edificio-iconico-da-cidade-de-lisboa-edf-dia-das-noticias\/"},"wordCount":749,"publisher":{"@id":"https:\/\/jansen.es\/#organization"},"image":{"@id":"https:\/\/jansen.es\/pt-pt\/reabilitacao-de-edificio-iconico-da-cidade-de-lisboa-edf-dia-das-noticias\/#primaryimage"},"thumbnailUrl":"https:\/\/jansen.es\/wp-content\/uploads\/2021\/11\/Diario-de-Noticias-4.jpg","articleSection":["Not\u00edcias"],"inLanguage":"pt-PT"},{"@type":["WebPage","ItemPage"],"@id":"https:\/\/jansen.es\/pt-pt\/reabilitacao-de-edificio-iconico-da-cidade-de-lisboa-edf-dia-das-noticias\/","url":"https:\/\/jansen.es\/pt-pt\/reabilitacao-de-edificio-iconico-da-cidade-de-lisboa-edf-dia-das-noticias\/","name":"Reabilita\u00e7ao de Edif\u00edcio Ic\u00f3nico da Lisboa | Jansen","isPartOf":{"@id":"https:\/\/jansen.es\/#website"},"primaryImageOfPage":{"@id":"https:\/\/jansen.es\/pt-pt\/reabilitacao-de-edificio-iconico-da-cidade-de-lisboa-edf-dia-das-noticias\/#primaryimage"},"image":{"@id":"https:\/\/jansen.es\/pt-pt\/reabilitacao-de-edificio-iconico-da-cidade-de-lisboa-edf-dia-das-noticias\/#primaryimage"},"thumbnailUrl":"https:\/\/jansen.es\/wp-content\/uploads\/2021\/11\/Diario-de-Noticias-4.jpg","datePublished":"2021-11-30T15:08:13+00:00","dateModified":"2022-08-31T08:00:46+00:00","breadcrumb":{"@id":"https:\/\/jansen.es\/pt-pt\/reabilitacao-de-edificio-iconico-da-cidade-de-lisboa-edf-dia-das-noticias\/#breadcrumb"},"inLanguage":"pt-PT","potentialAction":[{"@type":"ReadAction","target":["https:\/\/jansen.es\/pt-pt\/reabilitacao-de-edificio-iconico-da-cidade-de-lisboa-edf-dia-das-noticias\/"]}]},{"@type":"ImageObject","inLanguage":"pt-PT","@id":"https:\/\/jansen.es\/pt-pt\/reabilitacao-de-edificio-iconico-da-cidade-de-lisboa-edf-dia-das-noticias\/#primaryimage","url":"https:\/\/jansen.es\/wp-content\/uploads\/2021\/11\/Diario-de-Noticias-4.jpg","contentUrl":"https:\/\/jansen.es\/wp-content\/uploads\/2021\/11\/Diario-de-Noticias-4.jpg","width":1067,"height":1600,"caption":"REABILITA\u00c7\u00c3O DE EDIF\u00cdCIO IC\u00d3NICO DA CIDADE DE LISBOA"},{"@type":"BreadcrumbList","@id":"https:\/\/jansen.es\/pt-pt\/reabilitacao-de-edificio-iconico-da-cidade-de-lisboa-edf-dia-das-noticias\/#breadcrumb","itemListElement":[{"@type":"ListItem","position":1,"name":"Inicio","item":"https:\/\/jansen.es\/pt-pt\/"},{"@type":"ListItem","position":2,"name":"REABILITA\u00c7\u00c3O DE EDIF\u00cdCIO IC\u00d3NICO DA CIDADE DE LISBOA, EDF. DIA DAS NOT\u00cdCIAS"}]},{"@type":"WebSite","@id":"https:\/\/jansen.es\/#website","url":"https:\/\/jansen.es\/","name":"Jansen","description":"Empresa l\u00edder en la fabricaci\u00f3n de perfiles de acero para puertas y ventanas","publisher":{"@id":"https:\/\/jansen.es\/#organization"},"alternateName":"Jansen","potentialAction":[{"@type":"SearchAction","target":{"@type":"EntryPoint","urlTemplate":"https:\/\/jansen.es\/?s={search_term_string}"},"query-input":{"@type":"PropertyValueSpecification","valueRequired":true,"valueName":"search_term_string"}}],"inLanguage":"pt-PT"},{"@type":"Organization","@id":"https:\/\/jansen.es\/#organization","name":"Jansen","alternateName":"Jansen","url":"https:\/\/jansen.es\/","logo":{"@type":"ImageObject","inLanguage":"pt-PT","@id":"https:\/\/jansen.es\/#\/schema\/logo\/image\/","url":"https:\/\/jansen.es\/wp-content\/uploads\/2022\/04\/favicon_jansen.png","contentUrl":"https:\/\/jansen.es\/wp-content\/uploads\/2022\/04\/favicon_jansen.png","width":238,"height":230,"caption":"Jansen"},"image":{"@id":"https:\/\/jansen.es\/#\/schema\/logo\/image\/"},"sameAs":["https:\/\/www.instagram.com\/janseniberia\/","https:\/\/www.pinterest.es\/janseniberia\/_created\/","https:\/\/www.linkedin.com\/company\/metalco-arquitectura-en-acero-s.l.\/"]},{"@type":"Person","@id":"https:\/\/jansen.es\/#\/schema\/person\/22f9352b44d35522acfcc35889f157cf","name":"admin","sameAs":["https:\/\/jansen.es"]}]}},"_links":{"self":[{"href":"https:\/\/jansen.es\/pt-pt\/wp-json\/wp\/v2\/posts\/1527","targetHints":{"allow":["GET"]}}],"collection":[{"href":"https:\/\/jansen.es\/pt-pt\/wp-json\/wp\/v2\/posts"}],"about":[{"href":"https:\/\/jansen.es\/pt-pt\/wp-json\/wp\/v2\/types\/post"}],"author":[{"embeddable":true,"href":"https:\/\/jansen.es\/pt-pt\/wp-json\/wp\/v2\/users\/1"}],"replies":[{"embeddable":true,"href":"https:\/\/jansen.es\/pt-pt\/wp-json\/wp\/v2\/comments?post=1527"}],"version-history":[{"count":1,"href":"https:\/\/jansen.es\/pt-pt\/wp-json\/wp\/v2\/posts\/1527\/revisions"}],"predecessor-version":[{"id":6304,"href":"https:\/\/jansen.es\/pt-pt\/wp-json\/wp\/v2\/posts\/1527\/revisions\/6304"}],"wp:featuredmedia":[{"embeddable":true,"href":"https:\/\/jansen.es\/pt-pt\/wp-json\/wp\/v2\/media\/1393"}],"wp:attachment":[{"href":"https:\/\/jansen.es\/pt-pt\/wp-json\/wp\/v2\/media?parent=1527"}],"wp:term":[{"taxonomy":"category","embeddable":true,"href":"https:\/\/jansen.es\/pt-pt\/wp-json\/wp\/v2\/categories?post=1527"},{"taxonomy":"post_tag","embeddable":true,"href":"https:\/\/jansen.es\/pt-pt\/wp-json\/wp\/v2\/tags?post=1527"}],"curies":[{"name":"wp","href":"https:\/\/api.w.org\/{rel}","templated":true}]}}