{"id":1558,"date":"2021-11-30T15:08:41","date_gmt":"2021-11-30T15:08:41","guid":{"rendered":"https:\/\/jansen.es\/palacio-de-portas-de-santona\/"},"modified":"2021-11-30T15:08:41","modified_gmt":"2021-11-30T15:08:41","slug":"palacio-de-portas-de-santona","status":"publish","type":"post","link":"https:\/\/jansen.es\/pt-pt\/palacio-de-portas-de-santona\/","title":{"rendered":"PAL\u00c1CIO DE PORTAS DE SANTO\u00d1A"},"content":{"rendered":"<p>[vc_row][vc_column][vc_column_text][\/vc_column_text][\/vc_column][\/vc_row][vc_row][vc_column width=&#8221;1\/2&#8243;][\/vc_column][vc_column width=&#8221;1\/2&#8243;][vc_icon icon_fontawesome=&#8221;fa fa-times&#8221; color=&#8221;custom&#8221; background_style=&#8221;rounded&#8221; background_color=&#8221;custom&#8221; align=&#8221;right&#8221; css_animation=&#8221;flipInX&#8221; custom_color=&#8221;#ffffff&#8221; custom_background_color=&#8221;#204e9b&#8221; link=&#8221;url:http%3A%2F%2Fwww.jansen.es%2Fnoticias%2F|title:Noticias||&#8221;][\/vc_column][\/vc_row][vc_row][vc_column][vc_column_text][\/vc_column_text][\/vc_column][\/vc_row][vc_row][vc_column width=&#8221;1\/2&#8243;][vc_column_text]<\/p>\n<div style=\"width: 720px;\" class=\"wp-video\"><video class=\"wp-video-shortcode\" id=\"video-1558-1\" width=\"720\" height=\"576\" preload=\"metadata\" controls=\"controls\"><source type=\"video\/mp4\" src=\"\/wp-content\/uploads\/37818476_1986217424747466_5688521919687557120_n.mp4?_=1\" \/><a href=\"\/wp-content\/uploads\/37818476_1986217424747466_5688521919687557120_n.mp4\">\/wp-content\/uploads\/37818476_1986217424747466_5688521919687557120_n.mp4<\/a><\/video><\/div>\n<p>[\/vc_column_text][\/vc_column][vc_column width=&#8221;1\/2&#8243;][ultimate_heading source=&#8221;post_title&#8221; main_heading_color=&#8221;#204e9b&#8221; main_heading_font_size=&#8221;desktop:40px;&#8221;][\/ultimate_heading][vc_column_text]Portas de acesso autom\u00e1tico ao Pal\u00e1cio de Santo\u00f1a, atual sede da C\u00e2mara de Com\u00e9rcio de Madrid. Fant\u00e1stico, n\u00e3o \u00e9?[\/vc_column_text][vc_column_text][\/vc_column_text][vc_btn title=&#8221;M\u00e1s informaci\u00f3n&#8221; shape=&#8221;square&#8221; color=&#8221;primary&#8221; link=&#8221;url:https%3A%2F%2Fwww.jansen.es%2Fes%2Fsistemas_es%2F&#8221; css=&#8221;.vc_custom_1616610058117{margin-top: 30px !important;}&#8221;][\/vc_column][\/vc_row]<\/p>\n","protected":false},"excerpt":{"rendered":"<p>Portas de acesso autom\u00e1tico ao Pal\u00e1cio de Santo\u00f1a, atual sede da C\u00e2mara de Com\u00e9rcio de Madrid. Fant\u00e1stico, n\u00e3o \u00e9?<\/p>\n","protected":false},"author":1,"featured_media":1369,"comment_status":"closed","ping_status":"closed","sticky":false,"template":"","format":"standard","meta":{"_et_pb_use_builder":"","_et_pb_old_content":"","_et_gb_content_width":"","footnotes":""},"categories":[27],"tags":[],"class_list":["post-1558","post","type-post","status-publish","format-standard","has-post-thumbnail","hentry","category-noticias-pt-pt"],"acf":[],"yoast_head":"<!-- This site is optimized with the Yoast SEO plugin v27.5 - https:\/\/yoast.com\/product\/yoast-seo-wordpress\/ -->\n<title>PAL\u00c1CIO DE PORTAS DE SANTO\u00d1A - Jansen<\/title>\n<meta name=\"robots\" content=\"index, follow, max-snippet:-1, max-image-preview:large, max-video-preview:-1\" \/>\n<link rel=\"canonical\" href=\"https:\/\/jansen.es\/pt-pt\/palacio-de-portas-de-santona\/\" \/>\n<meta property=\"og:locale\" content=\"pt_PT\" \/>\n<meta property=\"og:type\" content=\"article\" \/>\n<meta property=\"og:title\" content=\"PAL\u00c1CIO DE PORTAS DE SANTO\u00d1A - Jansen\" \/>\n<meta property=\"og:description\" content=\"Portas de acesso autom\u00e1tico ao Pal\u00e1cio de Santo\u00f1a, atual sede da C\u00e2mara de Com\u00e9rcio de Madrid. Fant\u00e1stico, n\u00e3o \u00e9?\" \/>\n<meta property=\"og:site_name\" content=\"Jansen\" \/>\n<meta property=\"article:published_time\" content=\"2021-11-30T15:08:41+00:00\" \/>\n<meta property=\"og:image\" content=\"https:\/\/jansen.es\/wp-content\/uploads\/2021\/11\/Captura.png\" \/>\n\t<meta property=\"og:image:width\" content=\"413\" \/>\n\t<meta property=\"og:image:height\" content=\"550\" \/>\n\t<meta property=\"og:image:type\" content=\"image\/png\" \/>\n<meta name=\"author\" content=\"admin\" \/>\n<meta name=\"twitter:card\" content=\"summary_large_image\" \/>\n<meta name=\"twitter:label1\" content=\"Escrito por\" \/>\n\t<meta name=\"twitter:data1\" content=\"admin\" \/>\n\t<meta name=\"twitter:label2\" content=\"Tempo estimado de leitura\" \/>\n\t<meta name=\"twitter:data2\" content=\"1 minuto\" \/>\n<script type=\"application\/ld+json\" class=\"yoast-schema-graph\">{\"@context\":\"https:\\\/\\\/schema.org\",\"@graph\":[{\"@type\":\"Article\",\"@id\":\"https:\\\/\\\/jansen.es\\\/pt-pt\\\/palacio-de-portas-de-santona\\\/#article\",\"isPartOf\":{\"@id\":\"https:\\\/\\\/jansen.es\\\/pt-pt\\\/palacio-de-portas-de-santona\\\/\"},\"author\":{\"name\":\"admin\",\"@id\":\"https:\\\/\\\/jansen.es\\\/#\\\/schema\\\/person\\\/22f9352b44d35522acfcc35889f157cf\"},\"headline\":\"PAL\u00c1CIO DE PORTAS DE SANTO\u00d1A\",\"datePublished\":\"2021-11-30T15:08:41+00:00\",\"mainEntityOfPage\":{\"@id\":\"https:\\\/\\\/jansen.es\\\/pt-pt\\\/palacio-de-portas-de-santona\\\/\"},\"wordCount\":201,\"publisher\":{\"@id\":\"https:\\\/\\\/jansen.es\\\/#organization\"},\"image\":{\"@id\":\"https:\\\/\\\/jansen.es\\\/pt-pt\\\/palacio-de-portas-de-santona\\\/#primaryimage\"},\"thumbnailUrl\":\"https:\\\/\\\/jansen.es\\\/wp-content\\\/uploads\\\/2021\\\/11\\\/Captura.png\",\"articleSection\":[\"Not\u00edcias\"],\"inLanguage\":\"pt-PT\"},{\"@type\":[\"WebPage\",\"ItemPage\"],\"@id\":\"https:\\\/\\\/jansen.es\\\/pt-pt\\\/palacio-de-portas-de-santona\\\/\",\"url\":\"https:\\\/\\\/jansen.es\\\/pt-pt\\\/palacio-de-portas-de-santona\\\/\",\"name\":\"PAL\u00c1CIO DE PORTAS DE SANTO\u00d1A - Jansen\",\"isPartOf\":{\"@id\":\"https:\\\/\\\/jansen.es\\\/#website\"},\"primaryImageOfPage\":{\"@id\":\"https:\\\/\\\/jansen.es\\\/pt-pt\\\/palacio-de-portas-de-santona\\\/#primaryimage\"},\"image\":{\"@id\":\"https:\\\/\\\/jansen.es\\\/pt-pt\\\/palacio-de-portas-de-santona\\\/#primaryimage\"},\"thumbnailUrl\":\"https:\\\/\\\/jansen.es\\\/wp-content\\\/uploads\\\/2021\\\/11\\\/Captura.png\",\"datePublished\":\"2021-11-30T15:08:41+00:00\",\"breadcrumb\":{\"@id\":\"https:\\\/\\\/jansen.es\\\/pt-pt\\\/palacio-de-portas-de-santona\\\/#breadcrumb\"},\"inLanguage\":\"pt-PT\",\"potentialAction\":[{\"@type\":\"ReadAction\",\"target\":[\"https:\\\/\\\/jansen.es\\\/pt-pt\\\/palacio-de-portas-de-santona\\\/\"]}]},{\"@type\":\"ImageObject\",\"inLanguage\":\"pt-PT\",\"@id\":\"https:\\\/\\\/jansen.es\\\/pt-pt\\\/palacio-de-portas-de-santona\\\/#primaryimage\",\"url\":\"https:\\\/\\\/jansen.es\\\/wp-content\\\/uploads\\\/2021\\\/11\\\/Captura.png\",\"contentUrl\":\"https:\\\/\\\/jansen.es\\\/wp-content\\\/uploads\\\/2021\\\/11\\\/Captura.png\",\"width\":413,\"height\":550},{\"@type\":\"BreadcrumbList\",\"@id\":\"https:\\\/\\\/jansen.es\\\/pt-pt\\\/palacio-de-portas-de-santona\\\/#breadcrumb\",\"itemListElement\":[{\"@type\":\"ListItem\",\"position\":1,\"name\":\"Inicio\",\"item\":\"https:\\\/\\\/jansen.es\\\/pt-pt\\\/\"},{\"@type\":\"ListItem\",\"position\":2,\"name\":\"PAL\u00c1CIO DE PORTAS DE SANTO\u00d1A\"}]},{\"@type\":\"WebSite\",\"@id\":\"https:\\\/\\\/jansen.es\\\/#website\",\"url\":\"https:\\\/\\\/jansen.es\\\/\",\"name\":\"Jansen\",\"description\":\"Empresa l\u00edder en la fabricaci\u00f3n de perfiles de acero para puertas y ventanas\",\"publisher\":{\"@id\":\"https:\\\/\\\/jansen.es\\\/#organization\"},\"alternateName\":\"Jansen\",\"potentialAction\":[{\"@type\":\"SearchAction\",\"target\":{\"@type\":\"EntryPoint\",\"urlTemplate\":\"https:\\\/\\\/jansen.es\\\/?s={search_term_string}\"},\"query-input\":{\"@type\":\"PropertyValueSpecification\",\"valueRequired\":true,\"valueName\":\"search_term_string\"}}],\"inLanguage\":\"pt-PT\"},{\"@type\":\"Organization\",\"@id\":\"https:\\\/\\\/jansen.es\\\/#organization\",\"name\":\"Jansen\",\"alternateName\":\"Jansen\",\"url\":\"https:\\\/\\\/jansen.es\\\/\",\"logo\":{\"@type\":\"ImageObject\",\"inLanguage\":\"pt-PT\",\"@id\":\"https:\\\/\\\/jansen.es\\\/#\\\/schema\\\/logo\\\/image\\\/\",\"url\":\"https:\\\/\\\/jansen.es\\\/wp-content\\\/uploads\\\/2022\\\/04\\\/favicon_jansen.png\",\"contentUrl\":\"https:\\\/\\\/jansen.es\\\/wp-content\\\/uploads\\\/2022\\\/04\\\/favicon_jansen.png\",\"width\":238,\"height\":230,\"caption\":\"Jansen\"},\"image\":{\"@id\":\"https:\\\/\\\/jansen.es\\\/#\\\/schema\\\/logo\\\/image\\\/\"},\"sameAs\":[\"https:\\\/\\\/www.instagram.com\\\/janseniberia\\\/\",\"https:\\\/\\\/www.pinterest.es\\\/janseniberia\\\/_created\\\/\",\"https:\\\/\\\/www.linkedin.com\\\/company\\\/metalco-arquitectura-en-acero-s.l.\\\/\"]},{\"@type\":\"Person\",\"@id\":\"https:\\\/\\\/jansen.es\\\/#\\\/schema\\\/person\\\/22f9352b44d35522acfcc35889f157cf\",\"name\":\"admin\",\"sameAs\":[\"https:\\\/\\\/jansen.es\"]}]}<\/script>\n<!-- \/ Yoast SEO plugin. -->","yoast_head_json":{"title":"PAL\u00c1CIO DE PORTAS DE SANTO\u00d1A - Jansen","robots":{"index":"index","follow":"follow","max-snippet":"max-snippet:-1","max-image-preview":"max-image-preview:large","max-video-preview":"max-video-preview:-1"},"canonical":"https:\/\/jansen.es\/pt-pt\/palacio-de-portas-de-santona\/","og_locale":"pt_PT","og_type":"article","og_title":"PAL\u00c1CIO DE PORTAS DE SANTO\u00d1A - Jansen","og_description":"Portas de acesso autom\u00e1tico ao Pal\u00e1cio de Santo\u00f1a, atual sede da C\u00e2mara de Com\u00e9rcio de Madrid. Fant\u00e1stico, n\u00e3o \u00e9?","og_site_name":"Jansen","article_published_time":"2021-11-30T15:08:41+00:00","og_image":[{"width":413,"height":550,"url":"https:\/\/jansen.es\/wp-content\/uploads\/2021\/11\/Captura.png","type":"image\/png"}],"author":"admin","twitter_card":"summary_large_image","twitter_misc":{"Escrito por":"admin","Tempo estimado de leitura":"1 minuto"},"schema":{"@context":"https:\/\/schema.org","@graph":[{"@type":"Article","@id":"https:\/\/jansen.es\/pt-pt\/palacio-de-portas-de-santona\/#article","isPartOf":{"@id":"https:\/\/jansen.es\/pt-pt\/palacio-de-portas-de-santona\/"},"author":{"name":"admin","@id":"https:\/\/jansen.es\/#\/schema\/person\/22f9352b44d35522acfcc35889f157cf"},"headline":"PAL\u00c1CIO DE PORTAS DE SANTO\u00d1A","datePublished":"2021-11-30T15:08:41+00:00","mainEntityOfPage":{"@id":"https:\/\/jansen.es\/pt-pt\/palacio-de-portas-de-santona\/"},"wordCount":201,"publisher":{"@id":"https:\/\/jansen.es\/#organization"},"image":{"@id":"https:\/\/jansen.es\/pt-pt\/palacio-de-portas-de-santona\/#primaryimage"},"thumbnailUrl":"https:\/\/jansen.es\/wp-content\/uploads\/2021\/11\/Captura.png","articleSection":["Not\u00edcias"],"inLanguage":"pt-PT"},{"@type":["WebPage","ItemPage"],"@id":"https:\/\/jansen.es\/pt-pt\/palacio-de-portas-de-santona\/","url":"https:\/\/jansen.es\/pt-pt\/palacio-de-portas-de-santona\/","name":"PAL\u00c1CIO DE PORTAS DE SANTO\u00d1A - Jansen","isPartOf":{"@id":"https:\/\/jansen.es\/#website"},"primaryImageOfPage":{"@id":"https:\/\/jansen.es\/pt-pt\/palacio-de-portas-de-santona\/#primaryimage"},"image":{"@id":"https:\/\/jansen.es\/pt-pt\/palacio-de-portas-de-santona\/#primaryimage"},"thumbnailUrl":"https:\/\/jansen.es\/wp-content\/uploads\/2021\/11\/Captura.png","datePublished":"2021-11-30T15:08:41+00:00","breadcrumb":{"@id":"https:\/\/jansen.es\/pt-pt\/palacio-de-portas-de-santona\/#breadcrumb"},"inLanguage":"pt-PT","potentialAction":[{"@type":"ReadAction","target":["https:\/\/jansen.es\/pt-pt\/palacio-de-portas-de-santona\/"]}]},{"@type":"ImageObject","inLanguage":"pt-PT","@id":"https:\/\/jansen.es\/pt-pt\/palacio-de-portas-de-santona\/#primaryimage","url":"https:\/\/jansen.es\/wp-content\/uploads\/2021\/11\/Captura.png","contentUrl":"https:\/\/jansen.es\/wp-content\/uploads\/2021\/11\/Captura.png","width":413,"height":550},{"@type":"BreadcrumbList","@id":"https:\/\/jansen.es\/pt-pt\/palacio-de-portas-de-santona\/#breadcrumb","itemListElement":[{"@type":"ListItem","position":1,"name":"Inicio","item":"https:\/\/jansen.es\/pt-pt\/"},{"@type":"ListItem","position":2,"name":"PAL\u00c1CIO DE PORTAS DE SANTO\u00d1A"}]},{"@type":"WebSite","@id":"https:\/\/jansen.es\/#website","url":"https:\/\/jansen.es\/","name":"Jansen","description":"Empresa l\u00edder en la fabricaci\u00f3n de perfiles de acero para puertas y ventanas","publisher":{"@id":"https:\/\/jansen.es\/#organization"},"alternateName":"Jansen","potentialAction":[{"@type":"SearchAction","target":{"@type":"EntryPoint","urlTemplate":"https:\/\/jansen.es\/?s={search_term_string}"},"query-input":{"@type":"PropertyValueSpecification","valueRequired":true,"valueName":"search_term_string"}}],"inLanguage":"pt-PT"},{"@type":"Organization","@id":"https:\/\/jansen.es\/#organization","name":"Jansen","alternateName":"Jansen","url":"https:\/\/jansen.es\/","logo":{"@type":"ImageObject","inLanguage":"pt-PT","@id":"https:\/\/jansen.es\/#\/schema\/logo\/image\/","url":"https:\/\/jansen.es\/wp-content\/uploads\/2022\/04\/favicon_jansen.png","contentUrl":"https:\/\/jansen.es\/wp-content\/uploads\/2022\/04\/favicon_jansen.png","width":238,"height":230,"caption":"Jansen"},"image":{"@id":"https:\/\/jansen.es\/#\/schema\/logo\/image\/"},"sameAs":["https:\/\/www.instagram.com\/janseniberia\/","https:\/\/www.pinterest.es\/janseniberia\/_created\/","https:\/\/www.linkedin.com\/company\/metalco-arquitectura-en-acero-s.l.\/"]},{"@type":"Person","@id":"https:\/\/jansen.es\/#\/schema\/person\/22f9352b44d35522acfcc35889f157cf","name":"admin","sameAs":["https:\/\/jansen.es"]}]}},"_links":{"self":[{"href":"https:\/\/jansen.es\/pt-pt\/wp-json\/wp\/v2\/posts\/1558","targetHints":{"allow":["GET"]}}],"collection":[{"href":"https:\/\/jansen.es\/pt-pt\/wp-json\/wp\/v2\/posts"}],"about":[{"href":"https:\/\/jansen.es\/pt-pt\/wp-json\/wp\/v2\/types\/post"}],"author":[{"embeddable":true,"href":"https:\/\/jansen.es\/pt-pt\/wp-json\/wp\/v2\/users\/1"}],"replies":[{"embeddable":true,"href":"https:\/\/jansen.es\/pt-pt\/wp-json\/wp\/v2\/comments?post=1558"}],"version-history":[{"count":0,"href":"https:\/\/jansen.es\/pt-pt\/wp-json\/wp\/v2\/posts\/1558\/revisions"}],"wp:featuredmedia":[{"embeddable":true,"href":"https:\/\/jansen.es\/pt-pt\/wp-json\/wp\/v2\/media\/1369"}],"wp:attachment":[{"href":"https:\/\/jansen.es\/pt-pt\/wp-json\/wp\/v2\/media?parent=1558"}],"wp:term":[{"taxonomy":"category","embeddable":true,"href":"https:\/\/jansen.es\/pt-pt\/wp-json\/wp\/v2\/categories?post=1558"},{"taxonomy":"post_tag","embeddable":true,"href":"https:\/\/jansen.es\/pt-pt\/wp-json\/wp\/v2\/tags?post=1558"}],"curies":[{"name":"wp","href":"https:\/\/api.w.org\/{rel}","templated":true}]}}